{"id":123,"date":"2026-09-01T15:08:30","date_gmt":"2026-09-01T15:08:30","guid":{"rendered":"https:\/\/warmtales.com\/?p=123"},"modified":"2026-09-01T15:08:31","modified_gmt":"2026-09-01T15:08:31","slug":"dansin-otesindeki-mucize","status":"publish","type":"post","link":"https:\/\/warmtales.com\/?p=123","title":{"rendered":"Dans\u0131n \u00d6tesindeki Mucize"},"content":{"rendered":"\n<p class=\"wp-block-paragraph\"><\/p>\n\n\n\n<p class=\"wp-block-paragraph\">B\u00fcy\u00fck salonun kristal avizeleri alt\u0131nda y\u00fckselen hafif m\u00fczik, \u015f\u0131kl\u0131k i\u00e7indeki davetlilerin f\u0131s\u0131lt\u0131lar\u0131na kar\u0131\u015f\u0131yordu. Ancak salonun tam ortas\u0131nda, zaman sanki sadece \u00fc\u00e7 ki\u015fi i\u00e7in durmu\u015f gibiydi. Kerem, \u015f\u0131k smokini i\u00e7inde, tekerlekli sandalyede oturan Elif\u2019in \u00f6n\u00fcnde diz \u00e7\u00f6kt\u00fc. G\u00f6zlerinde en ufak bir teredd\u00fct olmaks\u0131z\u0131n, elini samimiyetle ona uzatarak hayat\u0131n\u0131n en anlaml\u0131 teklifini yapt\u0131: Onunla dans etmek istiyordu.<\/p>\n\n\n\n<p class=\"wp-block-paragraph\">Elif\u2019in annesi Sevim Han\u0131m, endi\u015feli bir reflexle araya girmeye \u00e7al\u0131\u015ft\u0131. K\u0131z\u0131n\u0131n zorlu bir tedavi s\u00fcrecinden ge\u00e7ti\u011fini biliyor, onun fiziksel olarak zorlanmas\u0131ndan ve k\u0131r\u0131lmas\u0131ndan korkuyordu. Ancak Kerem, tebess\u00fcm\u00fcn\u00fc bozmadan onu yormayaca\u011f\u0131na, sadece yan\u0131nda durup bu an\u0131 payla\u015fmak istedi\u011fine dair s\u00f6z verdi.<\/p>\n\n\n\n<p class=\"wp-block-paragraph\">O anda Elif\u2019in y\u00fcz\u00fcnde beliren \u0131\u015f\u0131k, salondaki t\u00fcm \u015fa\u015faay\u0131 g\u00f6lgede b\u0131rakt\u0131. G\u00f6zleri umutla parlayarak annesine bakt\u0131; aylard\u0131r gece g\u00fcnd\u00fcz demeden \u00e7al\u0131\u015fan doktorunun, bu an\u0131 ya\u015famas\u0131 i\u00e7in kendisine \u00e7oktan izin verdi\u011fini f\u0131s\u0131ldad\u0131. Kerem, Elif\u2019in narin elini b\u00fcy\u00fck bir zarafetle \u00f6pt\u00fc. Elif, nefesini tutarak yava\u015f\u00e7a aya\u011fa kalkt\u0131. O birka\u00e7 saniye, aylard\u0131r s\u00fcren sessiz m\u00fccadelenin ve inanc\u0131n en b\u00fcy\u00fck zaferiydi. Sevim Han\u0131m g\u00f6zya\u015flar\u0131na hakim olamayarak k\u0131z\u0131n\u0131n bu mucizevi an\u0131na \u015fahitlik etti.<\/p>\n\n\n\n<p class=\"wp-block-paragraph\">Ancak gecenin tek mucizesi Elif\u2019in aya\u011fa kalkmas\u0131 de\u011fildi. Kerem, ceketinin yakas\u0131n\u0131 hafif\u00e7e yana \u00e7ekerek g\u00f6\u011fs\u00fcnde ta\u015f\u0131d\u0131\u011f\u0131 antika alt\u0131n madalyonu ortaya \u00e7\u0131kard\u0131. Elif \u015fa\u015fk\u0131nl\u0131kla madalyona bakarken Kerem, bu \u00f6zel tak\u0131n\u0131n sadece bir s\u00fcs olmad\u0131\u011f\u0131n\u0131 dile getirdi; bu madalyon, aylard\u0131r Elif\u2019in t\u00fcm rehabilitasyon ve tedavi masraflar\u0131n\u0131 gizlice \u00fcstlenen me\u00e7hul hay\u0131rseverin ta kendisiydi.<\/p>\n\n\n\n<p class=\"wp-block-paragraph\">Sevim Han\u0131m duyduklar\u0131na inanamayarak sars\u0131ld\u0131. Y\u0131llard\u0131r k\u0131z\u0131n\u0131 hayata d\u00f6nd\u00fcrmek i\u00e7in \u00e7almad\u0131\u011f\u0131 kap\u0131 kalmam\u0131\u015f, bu gizli deste\u011fin arkas\u0131ndaki ismi \u00f6\u011frenmeye \u00e7al\u0131\u015fm\u0131\u015ft\u0131. Kerem, cebinden \u00e7\u0131kard\u0131\u011f\u0131 m\u00fch\u00fcrl\u00fc sar\u0131 zarf\u0131 Sevim Han\u0131m\u2019a uzat\u0131rken sesi g\u00fcven doluydu. K\u0131z\u0131n\u0131n ilk ad\u0131mlar\u0131n\u0131 att\u0131\u011f\u0131 o unutulmaz g\u00fcnde, bu s\u0131rr\u0131 ve umut dolu gelece\u011fi art\u0131k aileye teslim etme vakti gelmi\u015fti.<\/p>\n\n\n\n<p class=\"wp-block-paragraph\">Sevim Han\u0131m\u2019\u0131n yanaklar\u0131ndan s\u00fcz\u00fclen ya\u015flar art\u0131k \u00e7aresizli\u011fin de\u011fil, sonsuz bir minnetin simgesiydi. M\u00fczi\u011fin ritmi salona yay\u0131l\u0131rken, Elif ve Kerem birbirlerine kenetlenmi\u015f ad\u0131mlarla gelece\u011fe do\u011fru ilk danslar\u0131n\u0131 ettiler.<\/p>\n\n\n\n<p class=\"wp-block-paragraph\">Hikayenin devam\u0131nda neyi ke\u015ffetmek istersiniz: Kerem&#8217;in Elif&#8217;in ailesine ge\u00e7mi\u015ften gelen gizli ba\u011f\u0131n\u0131 m\u0131, yoksa bu mucizevi geceden sonra ikilinin birlikte ba\u015flayaca\u011f\u0131 yeni hayat\u0131 m\u0131?<\/p>\n","protected":false},"excerpt":{"rendered":"<p>B\u00fcy\u00fck salonun kristal avizeleri alt\u0131nda y\u00fckselen hafif m\u00fczik, \u015f\u0131kl\u0131k i\u00e7indeki davetlilerin f\u0131s\u0131lt\u0131lar\u0131na kar\u0131\u015f\u0131yordu. Ancak salonun tam ortas\u0131nda, zaman sanki sadece \u00fc\u00e7 ki\u015fi i\u00e7in durmu\u015f gibiydi. Kerem, \u015f\u0131k smokini i\u00e7inde, tekerlekli sandalyede oturan Elif\u2019in \u00f6n\u00fcnde diz \u00e7\u00f6kt\u00fc. G\u00f6zlerinde en ufak bir teredd\u00fct olmaks\u0131z\u0131n, elini samimiyetle ona uzatarak hayat\u0131n\u0131n en anlaml\u0131 teklifini yapt\u0131: Onunla dans etmek istiyordu. &#8230; <a title=\"Dans\u0131n \u00d6tesindeki Mucize\" class=\"read-more\" href=\"https:\/\/warmtales.com\/?p=123\" aria-label=\"\u041f\u0440\u043e\u0447\u0438\u0442\u0430\u0442\u044c \u0431\u043e\u043b\u044c\u0448\u0435 \u043e Dans\u0131n \u00d6tesindeki Mucize\">\u0427\u0438\u0442\u0430\u0442\u044c \u0434\u0430\u043b\u0435\u0435<\/a><\/p>\n","protected":false},"author":1,"featured_media":124,"comment_status":"open","ping_status":"open","sticky":false,"template":"","format":"standard","meta":{"footnotes":""},"categories":[1],"tags":[],"class_list":["post-123","post","type-post","status-publish","format-standard","has-post-thumbnail","hentry","category-uncategorized"],"_links":{"self":[{"href":"https:\/\/warmtales.com\/index.php?rest_route=\/wp\/v2\/posts\/123","targetHints":{"allow":["GET"]}}],"collection":[{"href":"https:\/\/warmtales.com\/index.php?rest_route=\/wp\/v2\/posts"}],"about":[{"href":"https:\/\/warmtales.com\/index.php?rest_route=\/wp\/v2\/types\/post"}],"author":[{"embeddable":true,"href":"https:\/\/warmtales.com\/index.php?rest_route=\/wp\/v2\/users\/1"}],"replies":[{"embeddable":true,"href":"https:\/\/warmtales.com\/index.php?rest_route=%2Fwp%2Fv2%2Fcomments&post=123"}],"version-history":[{"count":1,"href":"https:\/\/warmtales.com\/index.php?rest_route=\/wp\/v2\/posts\/123\/revisions"}],"predecessor-version":[{"id":125,"href":"https:\/\/warmtales.com\/index.php?rest_route=\/wp\/v2\/posts\/123\/revisions\/125"}],"wp:featuredmedia":[{"embeddable":true,"href":"https:\/\/warmtales.com\/index.php?rest_route=\/wp\/v2\/media\/124"}],"wp:attachment":[{"href":"https:\/\/warmtales.com\/index.php?rest_route=%2Fwp%2Fv2%2Fmedia&parent=123"}],"wp:term":[{"taxonomy":"category","embeddable":true,"href":"https:\/\/warmtales.com\/index.php?rest_route=%2Fwp%2Fv2%2Fcategories&post=123"},{"taxonomy":"post_tag","embeddable":true,"href":"https:\/\/warmtales.com\/index.php?rest_route=%2Fwp%2Fv2%2Ftags&post=123"}],"curies":[{"name":"wp","href":"https:\/\/api.w.org\/{rel}","templated":true}]}}