{"id":129,"date":"2026-09-01T15:23:10","date_gmt":"2026-09-01T15:23:10","guid":{"rendered":"https:\/\/warmtales.com\/?p=129"},"modified":"2026-09-01T15:23:55","modified_gmt":"2026-09-01T15:23:55","slug":"129","status":"publish","type":"post","link":"https:\/\/warmtales.com\/?p=129","title":{"rendered":"Schatten der Vergangenheit"},"content":{"rendered":"\n<h1 class=\"wp-block-heading\"><\/h1>\n\n\n\n<p class=\"wp-block-paragraph\"><\/p>\n\n\n\n<p class=\"wp-block-paragraph\">Seit Jahren lebte Klara im Schatten von Eleonora Vonstein, einer kaltherzigen Erbin, die ihre Angestellten eher als Leibeigene denn als Menschen betrachtete. Klara war vor zwei Jahren in die Villa gekommen \u2013 still, flei\u00dfig und stets unscheinbar. Was Eleonora jedoch nicht ahnte: Klara wuchs mit den Geschichten ihrer Gro\u00dfmutter auf, der einst ein unsch\u00e4tzbar wertvolles Familienerbst\u00fcck geraubt worden war. Ein Collier aus funkelnden Diamanten mit einem tiefblauen Saphir in der Mitte. Eleonoras Vater hatte es einst durch Erpressung an sich gerissen und damit den Ruin von Klaras Familie besiegelt. Klara schwor sich, die Ehre ihrer Familie wiederherzustellen und die Wahrheit ans Licht zu bringen. <\/p>\n\n\n\n<p class=\"wp-block-paragraph\">Die Luft im Ankleidezimmer war sp\u00fcrbar geladen, als Eleonora w\u00fctend eine Schublade nach der anderen durchsuchte. Ihre Augen spr\u00fchten vor Zorn, als sie sich abrupt zu Klara umdrehte.<\/p>\n\n\n\n<p class=\"wp-block-paragraph\">\u2014 Wo ist mein Collier? Und warum tr\u00e4gst du so etwas? \u2014 herrschte Eleonora das junge M\u00e4dchen an und deutete auf das schlichte Diamanthalsband, das Klaras Hals zierte.<\/p>\n\n\n\n<p class=\"wp-block-paragraph\">\u2014 Dieses Collier geh\u00f6rt meiner Familie, \u2014 erwiderte Klara mit ruhiger, aber fester Stimme, w\u00e4hrend sie die H\u00e4nde vor sich verschr\u00e4nkte.<\/p>\n\n\n\n<p class=\"wp-block-paragraph\">\u2014 Nein! Du hast meins genommen! \u2014 schrie Eleonora, w\u00e4hrend sich ihre Z\u00fcge vor Wut verzerrten.<\/p>\n\n\n\n<p class=\"wp-block-paragraph\">Ihr Blick fiel auf ein samtartiges K\u00e4stchen, das auf dem Nachttisch lag. Mit heftigen Bewegungen riss Eleonora die Schatulle auf. Doch anstelle des erwarteten Schmuckst\u00fccks lag dort ein atemberaubendes Collier mit einem massiven, tiefblauen Saphir, umringt von strahlenden Diamanten \u2013 exakt das Erbst\u00fcck, das Eleonoras Familie einst gestohlen hatte.<\/p>\n\n\n\n<p class=\"wp-block-paragraph\">Eleonoras Atem stockte. Das Bild passte nicht zu ihrer Anschuldigung. Der Schock \u00fcber den Anblick des echten Saphirs verdr\u00e4ngte f\u00fcr einen Augenblick ihre Wut.<\/p>\n\n\n\n<p class=\"wp-block-paragraph\">\u2014 Dann war wohl jemand vor uns hier&#8230; und wollte, dass Sie nur mich verd\u00e4chtigen, \u2014 sagte Klara leise und trat einen Schritt zur\u00fcck.<\/p>\n\n\n\n<p class=\"wp-block-paragraph\">Eleonora starrte entsetzt auf die Schatulle in ihren H\u00e4nden. Die Puzzleteile f\u00fcgten sich vor ihren Augen zusammen: Klara hatte das gestohlene Erbst\u00fcck nicht heimlich entwendet, sondern es gezielt platziert, um Eleonoras Gier und die Verbrechen ihrer eigenen Familie vor allen zu offenbaren. Die Fassade der Unschuld brach zusammen.<\/p>\n\n\n\n<p class=\"wp-block-paragraph\">Am selben Abend schaltete Klara die Beh\u00f6rden ein und legte l\u00fcckenlose Beweise f\u00fcr den historischen Diebstahl vor. Eleonora verlor nicht nur das Collier, sondern auch ihr Ansehen in der Gesellschaft. Klara hingegen verlie\u00df die Villa erhobenen Hauptes, mit dem Erbst\u00fcck ihrer Gro\u00dfmutter am Hals und dem Bewusstsein, dass die Gerechtigkeit schlie\u00dflich gesiegt hatte.<\/p>\n","protected":false},"excerpt":{"rendered":"<p>Seit Jahren lebte Klara im Schatten von Eleonora Vonstein, einer kaltherzigen Erbin, die ihre Angestellten eher als Leibeigene denn als Menschen betrachtete. Klara war vor zwei Jahren in die Villa gekommen \u2013 still, flei\u00dfig und stets unscheinbar. Was Eleonora jedoch nicht ahnte: Klara wuchs mit den Geschichten ihrer Gro\u00dfmutter auf, der einst ein unsch\u00e4tzbar wertvolles &#8230; <a title=\"Schatten der Vergangenheit\" class=\"read-more\" href=\"https:\/\/warmtales.com\/?p=129\" aria-label=\"\u041f\u0440\u043e\u0447\u0438\u0442\u0430\u0442\u044c \u0431\u043e\u043b\u044c\u0448\u0435 \u043e Schatten der Vergangenheit\">\u0427\u0438\u0442\u0430\u0442\u044c \u0434\u0430\u043b\u0435\u0435<\/a><\/p>\n","protected":false},"author":1,"featured_media":130,"comment_status":"open","ping_status":"open","sticky":false,"template":"","format":"standard","meta":{"footnotes":""},"categories":[1],"tags":[],"class_list":["post-129","post","type-post","status-publish","format-standard","has-post-thumbnail","hentry","category-uncategorized"],"_links":{"self":[{"href":"https:\/\/warmtales.com\/index.php?rest_route=\/wp\/v2\/posts\/129","targetHints":{"allow":["GET"]}}],"collection":[{"href":"https:\/\/warmtales.com\/index.php?rest_route=\/wp\/v2\/posts"}],"about":[{"href":"https:\/\/warmtales.com\/index.php?rest_route=\/wp\/v2\/types\/post"}],"author":[{"embeddable":true,"href":"https:\/\/warmtales.com\/index.php?rest_route=\/wp\/v2\/users\/1"}],"replies":[{"embeddable":true,"href":"https:\/\/warmtales.com\/index.php?rest_route=%2Fwp%2Fv2%2Fcomments&post=129"}],"version-history":[{"count":2,"href":"https:\/\/warmtales.com\/index.php?rest_route=\/wp\/v2\/posts\/129\/revisions"}],"predecessor-version":[{"id":133,"href":"https:\/\/warmtales.com\/index.php?rest_route=\/wp\/v2\/posts\/129\/revisions\/133"}],"wp:featuredmedia":[{"embeddable":true,"href":"https:\/\/warmtales.com\/index.php?rest_route=\/wp\/v2\/media\/130"}],"wp:attachment":[{"href":"https:\/\/warmtales.com\/index.php?rest_route=%2Fwp%2Fv2%2Fmedia&parent=129"}],"wp:term":[{"taxonomy":"category","embeddable":true,"href":"https:\/\/warmtales.com\/index.php?rest_route=%2Fwp%2Fv2%2Fcategories&post=129"},{"taxonomy":"post_tag","embeddable":true,"href":"https:\/\/warmtales.com\/index.php?rest_route=%2Fwp%2Fv2%2Ftags&post=129"}],"curies":[{"name":"wp","href":"https:\/\/api.w.org\/{rel}","templated":true}]}}