{"id":134,"date":"2026-09-01T15:26:33","date_gmt":"2026-09-01T15:26:33","guid":{"rendered":"https:\/\/warmtales.com\/?p=134"},"modified":"2026-09-01T15:26:33","modified_gmt":"2026-09-01T15:26:33","slug":"gorunmeyen-deger","status":"publish","type":"post","link":"https:\/\/warmtales.com\/?p=134","title":{"rendered":"G\u00f6r\u00fcnmeyen De\u011fer"},"content":{"rendered":"\n<h1 class=\"wp-block-heading\"><\/h1>\n\n\n\n<p class=\"wp-block-paragraph\"><\/p>\n\n\n\n<p class=\"wp-block-paragraph\">Emin Efendi, otuz y\u0131l boyunca \u015fehrin en b\u00fcy\u00fck mimarl\u0131k projelerine imza atm\u0131\u015f, hayat\u0131n\u0131 ta\u015flara ve binalara ruh \u00fcflemeye adam\u0131\u015f sayg\u0131n bir mimard\u0131. Ancak e\u015fini kaybettikten sonra ya\u015fad\u0131\u011f\u0131 derin bunal\u0131m, onu yava\u015f yava\u015f toplumun k\u0131y\u0131s\u0131na itti. \u0130nsanlar\u0131n d\u0131\u015f g\u00f6r\u00fcn\u00fc\u015fe verdikleri a\u015f\u0131r\u0131 de\u011feri g\u00f6rd\u00fck\u00e7e l\u00fcks hayat\u0131ndan tamamen uzakla\u015ft\u0131 ve sokaklarda ya\u015famay\u0131 se\u00e7ti. \u00dczerindeki eski, y\u0131rt\u0131k palto onun i\u00e7in bir k\u0131yafet de\u011fil; insanlar\u0131n y\u00fczeyselli\u011fini, kibirini ve \u00f6n yarg\u0131lar\u0131n\u0131 test etti\u011fi bir aynayd\u0131.<\/p>\n\n\n\n<p class=\"wp-block-paragraph\">\u015eehrin \u00f6nde gelenlerinin kat\u0131ld\u0131\u011f\u0131 y\u0131ll\u0131k hay\u0131r gecesinde sunulacak en b\u00fcy\u00fck mimarl\u0131k \u00f6d\u00fcl\u00fc, Emin Efendi\u2019nin kurdu\u011fu vak\u0131f taraf\u0131ndan veriliyordu. Ancak salondakilerin hi\u00e7biri, bu \u00f6d\u00fcl\u00fcn ard\u0131ndaki gizemli hay\u0131rseverin sokaklarda ya\u015fayan bu ya\u015fl\u0131 adam oldu\u011funu bilmiyordu. Emin Efendi, o gece salona giderek son miras\u0131n\u0131 ger\u00e7ekten hak eden birine teslim etmeye karar vermi\u015fti. <\/p>\n\n\n\n<p class=\"wp-block-paragraph\">I\u015f\u0131l \u0131\u015f\u0131l parlayan l\u00fcks otelin giri\u015finde g\u00fcvenlik g\u00f6revlisi, y\u0131rt\u0131k k\u0131yafetleri ve elindeki eski dosyas\u0131yla duran ya\u015fl\u0131 adam\u0131n yolunu kesti. \u0130\u00e7eride \u015fehrin en se\u00e7kin isimleri, \u015f\u0131k elbiseleri ve pahal\u0131 tak\u0131mlar\u0131yla bir araya gelmi\u015fti.<\/p>\n\n\n\n<p class=\"wp-block-paragraph\">\u2014 \u00dczg\u00fcn\u00fcm ama buras\u0131 sizin gibi insanlar i\u00e7in de\u011fil, \u2014 dedi polis memuru sert bir tonla.<\/p>\n\n\n\n<p class=\"wp-block-paragraph\">\u2014 Ben sadece bir \u015fey iletmek istemi\u015ftim&#8230; \u2014 diye f\u0131s\u0131ldad\u0131 Emin Efendi, mahcup bir tav\u0131rla ba\u015f\u0131n\u0131 \u00f6ne e\u011ferek.<\/p>\n\n\n\n<p class=\"wp-block-paragraph\">Memur tam onu d\u0131\u015far\u0131 do\u011fru itmeye haz\u0131rlan\u0131rken, salondan gen\u00e7 bir adam \u00e7\u0131kt\u0131. Gen\u00e7 mimar Kerem, \u015fa\u015fk\u0131nl\u0131kla duraksad\u0131. Ya\u015fl\u0131 adam\u0131n halini ve g\u00fcvenlik g\u00f6revlisinin tutumunu g\u00f6r\u00fcnce hi\u00e7 teredd\u00fct etmeden araya girdi.<\/p>\n\n\n\n<p class=\"wp-block-paragraph\">\u2014 Bu adama b\u00f6yle davranamazs\u0131n\u0131z, \u2014 dedi Kerem memura d\u00f6nerek. Ard\u0131ndan ya\u015fl\u0131 adam\u0131n omzuna \u015fefkatle dokundu. \u2014 Buyurun beyefendi, i\u00e7eri gelin. Bana ne iletmek istiyorsan\u0131z verebilirsiniz.<\/p>\n\n\n\n<p class=\"wp-block-paragraph\">Kerem, \u00e7evredeki \u015fa\u015fk\u0131n ve k\u00fc\u00e7\u00fcmseyici bak\u0131\u015flara hi\u00e7 ald\u0131r\u0131\u015f etmeden Emin Efendi\u2019nin elini tuttu ve onu do\u011frudan ana salona, k\u00fcrs\u00fcn\u00fcn \u00f6n\u00fcne kadar g\u00f6t\u00fcrd\u00fc.<\/p>\n\n\n\n<p class=\"wp-block-paragraph\">O an salondaki f\u0131s\u0131lt\u0131lar kesildi. Emin Efendi, mikrofonun ba\u015f\u0131na ge\u00e7ti. Y\u0131rt\u0131k paltosunun i\u00e7inden s\u0131yr\u0131lan o ses, t\u00fcm salonda derin bir yank\u0131 uyand\u0131rd\u0131:<\/p>\n\n\n\n<p class=\"wp-block-paragraph\">\u2014 Bu marka ve bu yeni \u00f6d\u00fcl benim son miras\u0131m&#8230; Ve bu gece bu \u00f6d\u00fcl, bu gen\u00e7 adama gidiyor. \u00c7\u00fcnk\u00fc o, kar\u015f\u0131s\u0131nda y\u0131rt\u0131k bir palto de\u011fil, \u00f6nce bir insan g\u00f6rd\u00fc.<\/p>\n\n\n\n<p class=\"wp-block-paragraph\">Kerem\u2019in g\u00f6zlerinden ya\u015flar s\u00fcz\u00fcl\u00fcrken, salondaki herkes derin bir utan\u00e7 ve sayg\u0131 kar\u0131\u015f\u0131m\u0131yla donakald\u0131. Emin Efendi o gece t\u00fcm servetini ve vakf\u0131n y\u00f6netimini Kerem\u2019e devretti. Kerem ise bu miras\u0131 sadece binalar in\u015fa etmek i\u00e7in de\u011fil, g\u00f6r\u00fcnmeyen insanlara umut olmak i\u00e7in kullanaca\u011f\u0131na s\u00f6z verdi.<\/p>\n","protected":false},"excerpt":{"rendered":"<p>Emin Efendi, otuz y\u0131l boyunca \u015fehrin en b\u00fcy\u00fck mimarl\u0131k projelerine imza atm\u0131\u015f, hayat\u0131n\u0131 ta\u015flara ve binalara ruh \u00fcflemeye adam\u0131\u015f sayg\u0131n bir mimard\u0131. Ancak e\u015fini kaybettikten sonra ya\u015fad\u0131\u011f\u0131 derin bunal\u0131m, onu yava\u015f yava\u015f toplumun k\u0131y\u0131s\u0131na itti. \u0130nsanlar\u0131n d\u0131\u015f g\u00f6r\u00fcn\u00fc\u015fe verdikleri a\u015f\u0131r\u0131 de\u011feri g\u00f6rd\u00fck\u00e7e l\u00fcks hayat\u0131ndan tamamen uzakla\u015ft\u0131 ve sokaklarda ya\u015famay\u0131 se\u00e7ti. \u00dczerindeki eski, y\u0131rt\u0131k palto onun &#8230; <a title=\"G\u00f6r\u00fcnmeyen De\u011fer\" class=\"read-more\" href=\"https:\/\/warmtales.com\/?p=134\" aria-label=\"\u041f\u0440\u043e\u0447\u0438\u0442\u0430\u0442\u044c \u0431\u043e\u043b\u044c\u0448\u0435 \u043e G\u00f6r\u00fcnmeyen De\u011fer\">\u0427\u0438\u0442\u0430\u0442\u044c \u0434\u0430\u043b\u0435\u0435<\/a><\/p>\n","protected":false},"author":1,"featured_media":135,"comment_status":"open","ping_status":"open","sticky":false,"template":"","format":"standard","meta":{"footnotes":""},"categories":[1],"tags":[],"class_list":["post-134","post","type-post","status-publish","format-standard","has-post-thumbnail","hentry","category-uncategorized"],"_links":{"self":[{"href":"https:\/\/warmtales.com\/index.php?rest_route=\/wp\/v2\/posts\/134","targetHints":{"allow":["GET"]}}],"collection":[{"href":"https:\/\/warmtales.com\/index.php?rest_route=\/wp\/v2\/posts"}],"about":[{"href":"https:\/\/warmtales.com\/index.php?rest_route=\/wp\/v2\/types\/post"}],"author":[{"embeddable":true,"href":"https:\/\/warmtales.com\/index.php?rest_route=\/wp\/v2\/users\/1"}],"replies":[{"embeddable":true,"href":"https:\/\/warmtales.com\/index.php?rest_route=%2Fwp%2Fv2%2Fcomments&post=134"}],"version-history":[{"count":1,"href":"https:\/\/warmtales.com\/index.php?rest_route=\/wp\/v2\/posts\/134\/revisions"}],"predecessor-version":[{"id":136,"href":"https:\/\/warmtales.com\/index.php?rest_route=\/wp\/v2\/posts\/134\/revisions\/136"}],"wp:featuredmedia":[{"embeddable":true,"href":"https:\/\/warmtales.com\/index.php?rest_route=\/wp\/v2\/media\/135"}],"wp:attachment":[{"href":"https:\/\/warmtales.com\/index.php?rest_route=%2Fwp%2Fv2%2Fmedia&parent=134"}],"wp:term":[{"taxonomy":"category","embeddable":true,"href":"https:\/\/warmtales.com\/index.php?rest_route=%2Fwp%2Fv2%2Fcategories&post=134"},{"taxonomy":"post_tag","embeddable":true,"href":"https:\/\/warmtales.com\/index.php?rest_route=%2Fwp%2Fv2%2Ftags&post=134"}],"curies":[{"name":"wp","href":"https:\/\/api.w.org\/{rel}","templated":true}]}}