{"id":181,"date":"2026-09-02T18:52:12","date_gmt":"2026-09-02T18:52:12","guid":{"rendered":"https:\/\/warmtales.com\/?p=181"},"modified":"2026-09-02T18:52:12","modified_gmt":"2026-09-02T18:52:12","slug":"el-secreto-de-la-caja-quemada","status":"publish","type":"post","link":"https:\/\/warmtales.com\/?p=181","title":{"rendered":"El Secreto de la Caja Quemada"},"content":{"rendered":"\n<p class=\"wp-block-paragraph\">Hace dos d\u00e9cadas, un voraz incendio arras\u00f3 la opulenta mansi\u00f3n de la acaudalada familia De la Vega. Aquella noche tr\u00e1gica marcaba la desaparici\u00f3n definitiva de Mateo, el primog\u00e9nito y heredero leg\u00edtimo, cuyo cuerpo nunca fue hallado entre los escombros. La versi\u00f3n oficial afirm\u00f3 que un desafortunado cortocircuito consumi\u00f3 la residencia y sus tesoros m\u00e1s valiosos, incluida una peque\u00f1a caja de madera de nogal con el escudo aristocr\u00e1tico tallado que custodiaba las joyas de la dinast\u00eda. Sin embargo, la verdad permaneci\u00f3 soterrada bajo el peso del cinismo: Victoria, la implacable viuda y actual matriarca, hab\u00eda provocado el fuego deliberadamente para apoderarse de la fortuna total, creyendo haber liquidado a su joven hermano y borrado para siempre cualquier prueba de su traici\u00f3n.<\/p>\n\n\n\n<p class=\"wp-block-paragraph\">La lluvia torrencial azotaba los ventanales del gran comedor donde la alta sociedad celebraba la gala anual de gala de la familia De la Vega. Copas de cristal tintineaban bajo la luz c\u00e1lida de los candelabros de plata, mientras murmullos de vanidad llenaban el ambiente refinado. Victoria presid\u00eda la mesa luciendo un deslumbrante collar de diamantes, embriagada por el poder y la complacencia de dos d\u00e9cadas de impunidad absoluta.<\/p>\n\n\n\n<p class=\"wp-block-paragraph\">Un silencio tenso irrumpi\u00f3 cuando la gobernanta se acerc\u00f3 sigilosamente a su hombro. Sosten\u00eda entre sus manos enguantadas una peque\u00f1a caja de madera barnizada.<\/p>\n\n\n\n<p class=\"wp-block-paragraph\">\u2014Perd\u00f3n, me dijeron que esto solo deb\u00eda verlo usted \u2014murmur\u00f3 la sirvienta con voz pausada.<\/p>\n\n\n\n<p class=\"wp-block-paragraph\">Victoria enarc\u00f3 una ceja con altivez, sin ocultar su fastidio.<\/p>\n\n\n\n<p class=\"wp-block-paragraph\">\u2014\u00bfQui\u00e9n se lo dio?<\/p>\n\n\n\n<p class=\"wp-block-paragraph\">\u2014Un hombre que se fue antes de decir su nombre \u2014respondi\u00f3 la mujer.<\/p>\n\n\n\n<p class=\"wp-block-paragraph\">Al fijar la mirada en el objeto, la respiraci\u00f3n de Victoria se congel\u00f3. Los latidos de su coraz\u00f3n repercutieron como martillazos en sus o\u00eddos y el color abandon\u00f3 por completo su rostro. El escudo real grabado en la tapa dorada era inconfundible.<\/p>\n\n\n\n<p class=\"wp-block-paragraph\">\u2014No&#8230; esa caja se quem\u00f3 hace veinte a\u00f1os \u2014balbuce\u00f3 con los ojos desorbitados por el terror absoluto.<\/p>\n\n\n\n<p class=\"wp-block-paragraph\">\u2014Entonces&#8230; \u00bfpor qu\u00e9 su nombre est\u00e1 grabado por dentro? \u2014pregunt\u00f3 la gobernanta en un tono fr\u00edo y calculador que no dejaba margen a la duda.<\/p>\n\n\n\n<p class=\"wp-block-paragraph\">Un escalofr\u00edo helado recorri\u00f3 la espina dorsal de la matriarca. Al levantar la mirada, descubri\u00f3 a trav\u00e9s de los cristales empapados por la tormenta la silueta firme de un hombre que la observaba desde la penumbra del jard\u00edn. Mateo hab\u00eda regresado de entre las sombras para reclamar la justicia que el fuego jam\u00e1s pudo consumir, poniendo fin al reinado de mentiras y asegurando que la verdad saliera finalmente a la luz.<\/p>\n","protected":false},"excerpt":{"rendered":"<p>Hace dos d\u00e9cadas, un voraz incendio arras\u00f3 la opulenta mansi\u00f3n de la acaudalada familia De la Vega. Aquella noche tr\u00e1gica marcaba la desaparici\u00f3n definitiva de Mateo, el primog\u00e9nito y heredero leg\u00edtimo, cuyo cuerpo nunca fue hallado entre los escombros. La versi\u00f3n oficial afirm\u00f3 que un desafortunado cortocircuito consumi\u00f3 la residencia y sus tesoros m\u00e1s valiosos, &#8230; <a title=\"El Secreto de la Caja Quemada\" class=\"read-more\" href=\"https:\/\/warmtales.com\/?p=181\" aria-label=\"\u041f\u0440\u043e\u0447\u0438\u0442\u0430\u0442\u044c \u0431\u043e\u043b\u044c\u0448\u0435 \u043e El Secreto de la Caja Quemada\">\u0427\u0438\u0442\u0430\u0442\u044c \u0434\u0430\u043b\u0435\u0435<\/a><\/p>\n","protected":false},"author":1,"featured_media":182,"comment_status":"open","ping_status":"open","sticky":false,"template":"","format":"standard","meta":{"footnotes":""},"categories":[1],"tags":[],"class_list":["post-181","post","type-post","status-publish","format-standard","has-post-thumbnail","hentry","category-uncategorized"],"_links":{"self":[{"href":"https:\/\/warmtales.com\/index.php?rest_route=\/wp\/v2\/posts\/181","targetHints":{"allow":["GET"]}}],"collection":[{"href":"https:\/\/warmtales.com\/index.php?rest_route=\/wp\/v2\/posts"}],"about":[{"href":"https:\/\/warmtales.com\/index.php?rest_route=\/wp\/v2\/types\/post"}],"author":[{"embeddable":true,"href":"https:\/\/warmtales.com\/index.php?rest_route=\/wp\/v2\/users\/1"}],"replies":[{"embeddable":true,"href":"https:\/\/warmtales.com\/index.php?rest_route=%2Fwp%2Fv2%2Fcomments&post=181"}],"version-history":[{"count":1,"href":"https:\/\/warmtales.com\/index.php?rest_route=\/wp\/v2\/posts\/181\/revisions"}],"predecessor-version":[{"id":183,"href":"https:\/\/warmtales.com\/index.php?rest_route=\/wp\/v2\/posts\/181\/revisions\/183"}],"wp:featuredmedia":[{"embeddable":true,"href":"https:\/\/warmtales.com\/index.php?rest_route=\/wp\/v2\/media\/182"}],"wp:attachment":[{"href":"https:\/\/warmtales.com\/index.php?rest_route=%2Fwp%2Fv2%2Fmedia&parent=181"}],"wp:term":[{"taxonomy":"category","embeddable":true,"href":"https:\/\/warmtales.com\/index.php?rest_route=%2Fwp%2Fv2%2Fcategories&post=181"},{"taxonomy":"post_tag","embeddable":true,"href":"https:\/\/warmtales.com\/index.php?rest_route=%2Fwp%2Fv2%2Ftags&post=181"}],"curies":[{"name":"wp","href":"https:\/\/api.w.org\/{rel}","templated":true}]}}