{"id":243,"date":"2026-09-03T09:30:33","date_gmt":"2026-09-03T09:30:33","guid":{"rendered":"https:\/\/warmtales.com\/?p=243"},"modified":"2026-09-03T09:30:33","modified_gmt":"2026-09-03T09:30:33","slug":"agir-bir-ders","status":"publish","type":"post","link":"https:\/\/warmtales.com\/?p=243","title":{"rendered":"A\u011f\u0131r Bir Ders"},"content":{"rendered":"\n<p class=\"wp-block-paragraph\"><\/p>\n\n\n\n<p class=\"wp-block-paragraph\">\u00c7orbay\u0131 hasta kom\u015fum i\u00e7in kar\u0131\u015ft\u0131rd\u0131\u011f\u0131m s\u0131rada gelen tek bir mesaj, yetmi\u015f \u00fc\u00e7 y\u0131ll\u0131k \u00f6mr\u00fcm\u00fcn t\u00fcm eme\u011fini bir anda silip att\u0131.<\/p>\n\n\n\n<p class=\"wp-block-paragraph\">Benim ad\u0131m Evelyn Hart. So\u011fuk bir per\u015fembe \u00f6\u011fleden sonras\u0131nda, saat tam 2.30\u2019da tezgahtaki telefonum aile grubundan gelen bildirimle titredi.<\/p>\n\n\n\n<p class=\"wp-block-paragraph\">B\u00fcy\u00fck o\u011flum Martin, \u201cAnne, bunu ailece konu\u015ftuk,\u201d diye yazm\u0131\u015ft\u0131. \u201c\u0130li\u015fkimizi kesmenin zaman\u0131 geldi. L\u00fctfen art\u0131k ak\u015fam yemeklerine gelme. Herkes i\u00e7in en hay\u0131rl\u0131s\u0131 bu.\u201d<\/p>\n\n\n\n<p class=\"wp-block-paragraph\">Gelinim Tessa mesaja ba\u015fparmak emojisiyle destek verdi. Di\u011fer aile \u00fcyeleri ise sessiz kald\u0131. Kimse beni savunmad\u0131.<\/p>\n\n\n\n<p class=\"wp-block-paragraph\">\u00d6nce mesaj\u0131n ekran g\u00f6r\u00fcnt\u00fcs\u00fcn\u00fc ald\u0131m. Hayat bana kan\u0131tlar\u0131n \u00f6nemini \u00f6\u011fretmi\u015fti. Eski foto\u011fraflara bakt\u0131\u011f\u0131mda ac\u0131 ger\u00e7e\u011fi g\u00f6rd\u00fcm: San Diego\u2019daki evleri benim birikimlerimle al\u0131nm\u0131\u015ft\u0131, kap\u0131daki arabaya ben kefil olmu\u015ftum ve Martin\u2019in i\u015fi bile merhum e\u015fimin \u015firketinden geliyordu. Benim fedakarl\u0131klar\u0131m sayesinde ya\u015f\u0131yor, ama beni y\u00fck olarak g\u00f6r\u00fcyorlard\u0131.<\/p>\n\n\n\n<p class=\"wp-block-paragraph\">Koridordaki telefona y\u00fcr\u00fcy\u00fcp avukat\u0131m Bay Caldwell\u2019i arad\u0131m. Yar\u0131m saat sonra salonda oturuyorduk.<\/p>\n\n\n\n<p class=\"wp-block-paragraph\">\u201cT\u00fcm finansal deste\u011fimi ve kefaletlerimi derhal \u00e7ekmek istiyorum,\u201d dedim.<\/p>\n\n\n\n<p class=\"wp-block-paragraph\">Sonraki \u00fc\u00e7 hafta i\u00e7inde Martin\u2019in kurdu\u011fu tatl\u0131 hayat darmada\u011f\u0131n oldu. M\u00fclkiyeti aile vakf\u0131ma ait olan evi sat\u0131\u015fa \u00e7\u0131kard\u0131m. Banka, kefaletimi \u00e7ekti\u011fim i\u00e7in l\u00fcks arabalar\u0131na el koydu. Ayr\u0131ca e\u015fimden kalan \u015firketin b\u00fcy\u00fck hissedar\u0131 olarak ba\u015flatt\u0131\u011f\u0131m denetim sonucunda, Martin\u2019in \u015firket fonlar\u0131n\u0131 usuls\u00fcz kulland\u0131\u011f\u0131 ortaya \u00e7\u0131kt\u0131 ve y\u00f6netim kurulu karar\u0131yla i\u015fine son verildi.<\/p>\n\n\n\n<p class=\"wp-block-paragraph\">Birka\u00e7 hafta sonra Martin ve kar\u0131s\u0131 kap\u0131ma gelip g\u00f6zya\u015flar\u0131 i\u00e7inde yalvard\u0131klar\u0131nda kap\u0131y\u0131 a\u00e7mad\u0131m. Telefonuna sadece o g\u00fcn g\u00f6nderdi\u011fi mesaj\u0131n ekran g\u00f6r\u00fcnt\u00fcs\u00fcn\u00fc att\u0131m:&nbsp;<em>\u201c\u0130li\u015fkimizi kesmek herkes i\u00e7in en hay\u0131rl\u0131s\u0131.\u201d<\/em>&nbsp;Benimle olan ba\u011flar\u0131n\u0131 koparmak istemi\u015flerdi; ben de isteklerini yerine getirdim.<\/p>\n","protected":false},"excerpt":{"rendered":"<p>\u00c7orbay\u0131 hasta kom\u015fum i\u00e7in kar\u0131\u015ft\u0131rd\u0131\u011f\u0131m s\u0131rada gelen tek bir mesaj, yetmi\u015f \u00fc\u00e7 y\u0131ll\u0131k \u00f6mr\u00fcm\u00fcn t\u00fcm eme\u011fini bir anda silip att\u0131. Benim ad\u0131m Evelyn Hart. So\u011fuk bir per\u015fembe \u00f6\u011fleden sonras\u0131nda, saat tam 2.30\u2019da tezgahtaki telefonum aile grubundan gelen bildirimle titredi. B\u00fcy\u00fck o\u011flum Martin, \u201cAnne, bunu ailece konu\u015ftuk,\u201d diye yazm\u0131\u015ft\u0131. \u201c\u0130li\u015fkimizi kesmenin zaman\u0131 geldi. L\u00fctfen art\u0131k ak\u015fam &#8230; <a title=\"A\u011f\u0131r Bir Ders\" class=\"read-more\" href=\"https:\/\/warmtales.com\/?p=243\" aria-label=\"\u041f\u0440\u043e\u0447\u0438\u0442\u0430\u0442\u044c \u0431\u043e\u043b\u044c\u0448\u0435 \u043e A\u011f\u0131r Bir Ders\">\u0427\u0438\u0442\u0430\u0442\u044c \u0434\u0430\u043b\u0435\u0435<\/a><\/p>\n","protected":false},"author":1,"featured_media":244,"comment_status":"open","ping_status":"open","sticky":false,"template":"","format":"standard","meta":{"footnotes":""},"categories":[1],"tags":[],"class_list":["post-243","post","type-post","status-publish","format-standard","has-post-thumbnail","hentry","category-uncategorized"],"_links":{"self":[{"href":"https:\/\/warmtales.com\/index.php?rest_route=\/wp\/v2\/posts\/243","targetHints":{"allow":["GET"]}}],"collection":[{"href":"https:\/\/warmtales.com\/index.php?rest_route=\/wp\/v2\/posts"}],"about":[{"href":"https:\/\/warmtales.com\/index.php?rest_route=\/wp\/v2\/types\/post"}],"author":[{"embeddable":true,"href":"https:\/\/warmtales.com\/index.php?rest_route=\/wp\/v2\/users\/1"}],"replies":[{"embeddable":true,"href":"https:\/\/warmtales.com\/index.php?rest_route=%2Fwp%2Fv2%2Fcomments&post=243"}],"version-history":[{"count":1,"href":"https:\/\/warmtales.com\/index.php?rest_route=\/wp\/v2\/posts\/243\/revisions"}],"predecessor-version":[{"id":245,"href":"https:\/\/warmtales.com\/index.php?rest_route=\/wp\/v2\/posts\/243\/revisions\/245"}],"wp:featuredmedia":[{"embeddable":true,"href":"https:\/\/warmtales.com\/index.php?rest_route=\/wp\/v2\/media\/244"}],"wp:attachment":[{"href":"https:\/\/warmtales.com\/index.php?rest_route=%2Fwp%2Fv2%2Fmedia&parent=243"}],"wp:term":[{"taxonomy":"category","embeddable":true,"href":"https:\/\/warmtales.com\/index.php?rest_route=%2Fwp%2Fv2%2Fcategories&post=243"},{"taxonomy":"post_tag","embeddable":true,"href":"https:\/\/warmtales.com\/index.php?rest_route=%2Fwp%2Fv2%2Ftags&post=243"}],"curies":[{"name":"wp","href":"https:\/\/api.w.org\/{rel}","templated":true}]}}