{"id":261,"date":"2026-09-03T13:46:06","date_gmt":"2026-09-03T13:46:06","guid":{"rendered":"https:\/\/warmtales.com\/?p=261"},"modified":"2026-09-03T13:46:06","modified_gmt":"2026-09-03T13:46:06","slug":"el-calor-del-calefon-la-melodia-de-una-promesa","status":"publish","type":"post","link":"https:\/\/warmtales.com\/?p=261","title":{"rendered":"El Calor del Calef\u00f3n: La Melod\u00eda de una Promesa"},"content":{"rendered":"\n<p class=\"wp-block-paragraph\">Durante m\u00e1s de siete a\u00f1os, la peque\u00f1a panader\u00eda de Don Mateo en aquel viejo pueblo no era solo un lugar donde se horneaba pan, sino el templo del recuerdo de un hombre destrozado por la ausencia. Cuando la guerra golpe\u00f3 las fronteras del pa\u00eds, su \u00fanica hija, Sof\u00eda, tuvo que huir en medio del caos, perdi\u00e9ndose en la vor\u00e1gine de la marea de refugiados sin dejar rastro alguno. Mateo jam\u00e1s dej\u00f3 el negocio; manten\u00eda el horno encendido cada madrugada con la tenue esperanza de que, tarde o temprano, la puerta volviera a abrirse. Con el paso del tiempo, la soledad y el peso del desaliento marchitaron su sonrisa, convirti\u00e9ndolo en un hombre adusto, cuyos \u00fanicos confidentes eran la harina, la le\u00f1a y las l\u00e1grimas en la penumbra del mostrador. <\/p>\n\n\n\n<p class=\"wp-block-paragraph\">Aquella tarde, una tormenta feroz azotaba los cristales de la panader\u00eda. La lluvia ca\u00eda a c\u00e1ntaros cuando una peque\u00f1a figura empapada, acurrucada bajo un vestido roto y manchado de barro, atraves\u00f3 el umbral buscando desesperadamente un refugio. Masticando el fr\u00edo y temblando de hambre, la ni\u00f1a estir\u00f3 sus manos vac\u00edas hacia los estantes repletos de pan crujiente y caliente, pidiendo apenas una hogaza para calmar el dolor de su est\u00f3mago. Mateo, reaccionando por instinto ante lo que crey\u00f3 un intento de robo, la sujet\u00f3 firmemente por las mu\u00f1ecas.<\/p>\n\n\n\n<p class=\"wp-block-paragraph\">Pero en lugar de llorar o huir, la ni\u00f1a alz\u00f3 sus grandes ojos oscuros, rebosantes de l\u00e1grimas, y con un hilo de voz comenz\u00f3 a cantar una dulce nana. La melod\u00eda envolvi\u00f3 el espacio cargado del aroma a trigo:&nbsp;<em>\u00abDuerme mi \u00e1ngel, la lluvia pasar\u00e1&#8230;\u00bb<\/em><\/p>\n\n\n\n<p class=\"wp-block-paragraph\">Al escuchar aquellas palabras, el mundo de Mateo se detuvo. Era la misma nana que \u00e9l le cantaba a su hija Sof\u00eda cada noche antes de dormir, una canci\u00f3n \u00edntima inventada en el seno de su hogar y que nadie m\u00e1s en el mundo pod\u00eda conocer. La sorpresa congel\u00f3 sus manos, el semblante duro del viejo panadero se desmoron\u00f3 por completo y las l\u00e1grimas comenzaron a brotar sin control por los surcos de su rostro marchito. Con la voz entrecortada, le pregunt\u00f3 de d\u00f3nde conoc\u00eda esa melod\u00eda. La peque\u00f1a, mir\u00e1ndolo a los ojos, respondi\u00f3 que su madre se la hab\u00eda ense\u00f1ado antes de partir, asegur\u00e1ndole que si alg\u00fan d\u00eda se perd\u00eda, deb\u00eda buscar al hombre que recordara esa canci\u00f3n.<\/p>\n\n\n\n<p class=\"wp-block-paragraph\"><strong>Un Nuevo Ma\u00f1ana<\/strong><\/p>\n\n\n\n<p class=\"wp-block-paragraph\">La verdad se abri\u00f3 paso con la luz dorada de la tarde. Sof\u00eda no hab\u00eda sobrevivido a las penurias de los \u00faltimos a\u00f1os, pero antes de partir, encomend\u00f3 a su peque\u00f1a Elena la tarea de encontrar el \u00fanico refugio seguro en la tierra: los brazos de su abuelo. Mateo abraz\u00f3 a su nieta contra su pecho, envolvi\u00e9ndola en una calidez que superaba la del propio horno. El pasado de dolor y la incertidumbre por el futuro quedaron sepultados bajo el susurro de la nana. Elena ya no tendr\u00eda que deambular en la tormenta, y Mateo finalmente encontr\u00f3 el sentido para seguir viviendo, sabiendo que el legado de su hija continuaba vivo y a salvo en su hogar.<\/p>\n","protected":false},"excerpt":{"rendered":"<p>Durante m\u00e1s de siete a\u00f1os, la peque\u00f1a panader\u00eda de Don Mateo en aquel viejo pueblo no era solo un lugar donde se horneaba pan, sino el templo del recuerdo de un hombre destrozado por la ausencia. Cuando la guerra golpe\u00f3 las fronteras del pa\u00eds, su \u00fanica hija, Sof\u00eda, tuvo que huir en medio del caos, &#8230; <a title=\"El Calor del Calef\u00f3n: La Melod\u00eda de una Promesa\" class=\"read-more\" href=\"https:\/\/warmtales.com\/?p=261\" aria-label=\"\u041f\u0440\u043e\u0447\u0438\u0442\u0430\u0442\u044c \u0431\u043e\u043b\u044c\u0448\u0435 \u043e El Calor del Calef\u00f3n: La Melod\u00eda de una Promesa\">\u0427\u0438\u0442\u0430\u0442\u044c \u0434\u0430\u043b\u0435\u0435<\/a><\/p>\n","protected":false},"author":1,"featured_media":262,"comment_status":"open","ping_status":"open","sticky":false,"template":"","format":"standard","meta":{"footnotes":""},"categories":[1],"tags":[],"class_list":["post-261","post","type-post","status-publish","format-standard","has-post-thumbnail","hentry","category-uncategorized"],"_links":{"self":[{"href":"https:\/\/warmtales.com\/index.php?rest_route=\/wp\/v2\/posts\/261","targetHints":{"allow":["GET"]}}],"collection":[{"href":"https:\/\/warmtales.com\/index.php?rest_route=\/wp\/v2\/posts"}],"about":[{"href":"https:\/\/warmtales.com\/index.php?rest_route=\/wp\/v2\/types\/post"}],"author":[{"embeddable":true,"href":"https:\/\/warmtales.com\/index.php?rest_route=\/wp\/v2\/users\/1"}],"replies":[{"embeddable":true,"href":"https:\/\/warmtales.com\/index.php?rest_route=%2Fwp%2Fv2%2Fcomments&post=261"}],"version-history":[{"count":1,"href":"https:\/\/warmtales.com\/index.php?rest_route=\/wp\/v2\/posts\/261\/revisions"}],"predecessor-version":[{"id":263,"href":"https:\/\/warmtales.com\/index.php?rest_route=\/wp\/v2\/posts\/261\/revisions\/263"}],"wp:featuredmedia":[{"embeddable":true,"href":"https:\/\/warmtales.com\/index.php?rest_route=\/wp\/v2\/media\/262"}],"wp:attachment":[{"href":"https:\/\/warmtales.com\/index.php?rest_route=%2Fwp%2Fv2%2Fmedia&parent=261"}],"wp:term":[{"taxonomy":"category","embeddable":true,"href":"https:\/\/warmtales.com\/index.php?rest_route=%2Fwp%2Fv2%2Fcategories&post=261"},{"taxonomy":"post_tag","embeddable":true,"href":"https:\/\/warmtales.com\/index.php?rest_route=%2Fwp%2Fv2%2Ftags&post=261"}],"curies":[{"name":"wp","href":"https:\/\/api.w.org\/{rel}","templated":true}]}}