{"id":283,"date":"2026-09-03T14:20:04","date_gmt":"2026-09-03T14:20:04","guid":{"rendered":"https:\/\/warmtales.com\/?p=283"},"modified":"2026-09-03T14:20:04","modified_gmt":"2026-09-03T14:20:04","slug":"gorunmeyen-usta-yillarin-tecrubesi","status":"publish","type":"post","link":"https:\/\/warmtales.com\/?p=283","title":{"rendered":"G\u00f6r\u00fcnmeyen Usta: Y\u0131llar\u0131n Tecr\u00fcbesi"},"content":{"rendered":"\n<p class=\"wp-block-paragraph\"><\/p>\n\n\n\n<p class=\"wp-block-paragraph\">K\u0131rk y\u0131l\u0131 a\u015fk\u0131n bir s\u00fcre boyunca Kemal Usta, tekstil fabrikas\u0131n\u0131n her bir \u00e7ark\u0131na, her bir c\u0131vatas\u0131na ruhunu \u00fcflemi\u015fti. Gen\u00e7li\u011finde fabrikan\u0131n ilk m\u00fchendisi olarak kurdu\u011fu bu sistem, onun evi, hayat\u0131n\u0131n en b\u00fcy\u00fck gurur kayna\u011f\u0131yd\u0131. Ancak y\u0131llar \u00f6nce ya\u015fanan talihsiz bir \u015firket evlili\u011fi ve y\u00f6netim de\u011fi\u015fikli\u011fi sonras\u0131, emekleri g\u00f6rmezden gelinmi\u015f, yerini h\u0131rsl\u0131 y\u00f6neticilere b\u0131rakm\u0131\u015ft\u0131. Fabrikadan ve tutkuyla ba\u011fl\u0131 oldu\u011fu mesle\u011finden kopmak istemeyen Kemal Usta, kimli\u011fini gizleyerek orada sade bir temizlik g\u00f6revlisi olarak \u00e7al\u0131\u015fmaya devam etti. Kimse onun bir zamanlar bu devasa tesisin mimar\u0131 oldu\u011funu bilmiyordu; o ise sadece makinelerin ritmini dinlemek ve eserini uzaktan da olsa korumakla yetiniyordu.<\/p>\n\n\n\n<p class=\"wp-block-paragraph\">Bir \u00f6\u011fleden sonra, fabrikan\u0131n ana \u00fcretim hatt\u0131ndaki devasa panel aniden ar\u0131zaland\u0131 ve t\u00fcm makineler durdu. Yeni atanan kibirli genel m\u00fcd\u00fcr, \u00fcretimin durmas\u0131n\u0131n yaratt\u0131\u011f\u0131 b\u00fcy\u00fck finansal kay\u0131p y\u00fcz\u00fcnden \u00f6fkeyle m\u00fchendislere ba\u011f\u0131r\u0131yor, bu karma\u015f\u0131k sorunu kimsenin \u00e7\u00f6zememesine \u00e7\u0131ld\u0131r\u0131yordu. O s\u0131rada elinde beziyle k\u00f6\u015fede duran Kemal Usta, sakince \u00f6ne \u00e7\u0131karak panele bir g\u00f6z atmay\u0131 teklif etti. Genel m\u00fcd\u00fcr, elindeki i\u015f tulumuna ve ya\u015f\u0131na bakarak onu sert bir dille a\u015fa\u011f\u0131lad\u0131; sadece yerleri temizleyen birinin b\u00f6yle y\u00fcksek teknoloji bir sistemden ne anlayaca\u011f\u0131n\u0131 sorarak alay etti.<\/p>\n\n\n\n<p class=\"wp-block-paragraph\">Kimseden izin almayan Kemal Usta, y\u0131llar\u0131n kazand\u0131rd\u0131\u011f\u0131 refleksle ana kontrol paneline yakla\u015ft\u0131. Yaln\u0131zca tek bir tu\u015fa bas\u0131p gizli \u015falteri devreye sokmas\u0131yla, t\u00fcm fabrika b\u00fcy\u00fck bir g\u00fcr\u00fclt\u00fcyle yeniden canland\u0131 ve \u00fcretim hatt\u0131 kesintisiz \u015fekilde \u00e7al\u0131\u015fmaya ba\u015flad\u0131. Genel m\u00fcd\u00fcr ve etraftaki t\u00fcm \u00e7al\u0131\u015fanlar \u015fa\u015fk\u0131nl\u0131ktan donakald\u0131. M\u00fcd\u00fcr\u00fc \u015fok i\u00e7inde bunu nas\u0131l ba\u015fard\u0131\u011f\u0131n\u0131 sordu\u011funda, Kemal Usta g\u00f6zlerinin i\u00e7ine bakarak fabrikan\u0131n ilk m\u00fchendisi oldu\u011funu, zaman\u0131nda i\u015fini kaybetti\u011fini ama mesle\u011fine olan ustal\u0131\u011f\u0131n\u0131 ve bilgisini asla kaybetmedi\u011fini dile getirdi.<\/p>\n\n\n\n<p class=\"wp-block-paragraph\">Genel m\u00fcd\u00fcr, yapt\u0131\u011f\u0131 hatan\u0131n ve kibirinin a\u011f\u0131rl\u0131\u011f\u0131 alt\u0131nda ezilerek mahcubiyetle ba\u015f\u0131n\u0131 \u00f6n\u00fcne e\u011fdi. B\u00fct\u00fcn fabrika \u00e7al\u0131\u015fanlar\u0131, y\u0131llard\u0131r aralar\u0131nda m\u00fctevaz\u0131 bir temizlik\u00e7i gibi ya\u015fayan bu efsanevi ustay\u0131 alk\u0131\u015flarla selamlad\u0131. Kemal Usta, hak etti\u011fi sayg\u0131y\u0131 ve onuru herkese kan\u0131tlam\u0131\u015f olarak ba\u015f\u0131 dik bir \u015fekilde g\u00f6revine devam etti; geride ise kibirin de\u011fil, ger\u00e7ek eme\u011fin ve tecr\u00fcbenin her zaman galip gelece\u011fini g\u00f6steren unutulmaz bir ders b\u0131rakt\u0131.<\/p>\n","protected":false},"excerpt":{"rendered":"<p>K\u0131rk y\u0131l\u0131 a\u015fk\u0131n bir s\u00fcre boyunca Kemal Usta, tekstil fabrikas\u0131n\u0131n her bir \u00e7ark\u0131na, her bir c\u0131vatas\u0131na ruhunu \u00fcflemi\u015fti. Gen\u00e7li\u011finde fabrikan\u0131n ilk m\u00fchendisi olarak kurdu\u011fu bu sistem, onun evi, hayat\u0131n\u0131n en b\u00fcy\u00fck gurur kayna\u011f\u0131yd\u0131. Ancak y\u0131llar \u00f6nce ya\u015fanan talihsiz bir \u015firket evlili\u011fi ve y\u00f6netim de\u011fi\u015fikli\u011fi sonras\u0131, emekleri g\u00f6rmezden gelinmi\u015f, yerini h\u0131rsl\u0131 y\u00f6neticilere b\u0131rakm\u0131\u015ft\u0131. Fabrikadan ve tutkuyla &#8230; <a title=\"G\u00f6r\u00fcnmeyen Usta: Y\u0131llar\u0131n Tecr\u00fcbesi\" class=\"read-more\" href=\"https:\/\/warmtales.com\/?p=283\" aria-label=\"\u041f\u0440\u043e\u0447\u0438\u0442\u0430\u0442\u044c \u0431\u043e\u043b\u044c\u0448\u0435 \u043e G\u00f6r\u00fcnmeyen Usta: Y\u0131llar\u0131n Tecr\u00fcbesi\">\u0427\u0438\u0442\u0430\u0442\u044c \u0434\u0430\u043b\u0435\u0435<\/a><\/p>\n","protected":false},"author":1,"featured_media":284,"comment_status":"open","ping_status":"open","sticky":false,"template":"","format":"standard","meta":{"footnotes":""},"categories":[1],"tags":[],"class_list":["post-283","post","type-post","status-publish","format-standard","has-post-thumbnail","hentry","category-uncategorized"],"_links":{"self":[{"href":"https:\/\/warmtales.com\/index.php?rest_route=\/wp\/v2\/posts\/283","targetHints":{"allow":["GET"]}}],"collection":[{"href":"https:\/\/warmtales.com\/index.php?rest_route=\/wp\/v2\/posts"}],"about":[{"href":"https:\/\/warmtales.com\/index.php?rest_route=\/wp\/v2\/types\/post"}],"author":[{"embeddable":true,"href":"https:\/\/warmtales.com\/index.php?rest_route=\/wp\/v2\/users\/1"}],"replies":[{"embeddable":true,"href":"https:\/\/warmtales.com\/index.php?rest_route=%2Fwp%2Fv2%2Fcomments&post=283"}],"version-history":[{"count":1,"href":"https:\/\/warmtales.com\/index.php?rest_route=\/wp\/v2\/posts\/283\/revisions"}],"predecessor-version":[{"id":285,"href":"https:\/\/warmtales.com\/index.php?rest_route=\/wp\/v2\/posts\/283\/revisions\/285"}],"wp:featuredmedia":[{"embeddable":true,"href":"https:\/\/warmtales.com\/index.php?rest_route=\/wp\/v2\/media\/284"}],"wp:attachment":[{"href":"https:\/\/warmtales.com\/index.php?rest_route=%2Fwp%2Fv2%2Fmedia&parent=283"}],"wp:term":[{"taxonomy":"category","embeddable":true,"href":"https:\/\/warmtales.com\/index.php?rest_route=%2Fwp%2Fv2%2Fcategories&post=283"},{"taxonomy":"post_tag","embeddable":true,"href":"https:\/\/warmtales.com\/index.php?rest_route=%2Fwp%2Fv2%2Ftags&post=283"}],"curies":[{"name":"wp","href":"https:\/\/api.w.org\/{rel}","templated":true}]}}