{"id":363,"date":"2026-09-04T18:24:55","date_gmt":"2026-09-04T18:24:55","guid":{"rendered":"https:\/\/warmtales.com\/?p=363"},"modified":"2026-09-04T18:24:55","modified_gmt":"2026-09-04T18:24:55","slug":"das-foto-das-36-jahre-lang-verborgen-blieb","status":"publish","type":"post","link":"https:\/\/warmtales.com\/?p=363","title":{"rendered":"Das Foto, das 36 Jahre lang verborgen blieb"},"content":{"rendered":"\n<h1 class=\"wp-block-heading\"><\/h1>\n\n\n\n<p class=\"wp-block-paragraph\">Clara Winter war sechsunddrei\u00dfig Jahre alt, als sie in das Haus zur\u00fcckkehrte, in dem sie ihre Kindheit verbracht hatte.<\/p>\n\n\n\n<p class=\"wp-block-paragraph\">Sie kam nicht aus Sehnsucht.<\/p>\n\n\n\n<p class=\"wp-block-paragraph\">Ihre Mutter war gestorben, und Clara wollte das Anwesen verkaufen.<\/p>\n\n\n\n<p class=\"wp-block-paragraph\">Zwischen ihr und Elisabeth Winter hatte es nie wirkliche N\u00e4he gegeben. Als Kind bekam Clara alles, was Geld kaufen konnte: gute Schulen, sch\u00f6ne Kleider, Urlaube.<\/p>\n\n\n\n<p class=\"wp-block-paragraph\">Nur eine Umarmung bekam sie selten.<\/p>\n\n\n\n<p class=\"wp-block-paragraph\">Wenn Clara nach ihrem Vater fragte, antwortete Elisabeth immer dasselbe:<\/p>\n\n\n\n<p class=\"wp-block-paragraph\">\u2014 Er wollte uns nicht.<\/p>\n\n\n\n<p class=\"wp-block-paragraph\">Und wenn sie wissen wollte, warum es kaum Fotos aus ihren ersten Lebensjahren gab, wechselte ihre Mutter das Thema.<\/p>\n\n\n\n<p class=\"wp-block-paragraph\">Mit achtzehn verlie\u00df Clara das Haus.<\/p>\n\n\n\n<p class=\"wp-block-paragraph\">Mit zwanzig zog sie nach Hamburg.<\/p>\n\n\n\n<p class=\"wp-block-paragraph\">Sp\u00e4ter wurde sie Anw\u00e4ltin, heiratete kurz und lie\u00df sich wieder scheiden. Kinder wollte sie nie.<\/p>\n\n\n\n<p class=\"wp-block-paragraph\">Zumindest sagte sie das.<\/p>\n\n\n\n<p class=\"wp-block-paragraph\">In Wahrheit f\u00fcrchtete sie, genauso kalt zu werden wie ihre Mutter.<\/p>\n\n\n\n<p class=\"wp-block-paragraph\">Nach Elisabeths Beerdigung stand Clara wieder im gro\u00dfen Salon.<\/p>\n\n\n\n<p class=\"wp-block-paragraph\">Der Fl\u00fcgel war noch da.<\/p>\n\n\n\n<p class=\"wp-block-paragraph\">Die schweren Vorh\u00e4nge.<\/p>\n\n\n\n<p class=\"wp-block-paragraph\">Die alten Gem\u00e4lde.<\/p>\n\n\n\n<p class=\"wp-block-paragraph\">Und auch Frau Berger.<\/p>\n\n\n\n<p class=\"wp-block-paragraph\">Die ehemalige Haush\u00e4lterin war inzwischen \u00fcber achtzig. Sie hatte fast ihr ganzes Leben f\u00fcr die Familie Winter gearbeitet.<\/p>\n\n\n\n<p class=\"wp-block-paragraph\">\u2014 Das Haus wird verkauft \u2014 sagte Clara. \u2014 Sie bekommen nat\u00fcrlich eine Abfindung.<\/p>\n\n\n\n<p class=\"wp-block-paragraph\">Frau Berger sah sie lange an.<\/p>\n\n\n\n<p class=\"wp-block-paragraph\">\u2014 Bevor Sie etwas unterschreiben, m\u00fcssen Sie etwas erfahren.<\/p>\n\n\n\n<p class=\"wp-block-paragraph\">Clara seufzte.<\/p>\n\n\n\n<p class=\"wp-block-paragraph\">\u2014 Nicht heute.<\/p>\n\n\n\n<p class=\"wp-block-paragraph\">\u2014 Gerade heute.<\/p>\n\n\n\n<p class=\"wp-block-paragraph\">Die alte Frau griff in die Tasche ihrer Sch\u00fcrze und zog ein vergilbtes Foto hervor.<\/p>\n\n\n\n<p class=\"wp-block-paragraph\">Ihre H\u00e4nde zitterten.<\/p>\n\n\n\n<p class=\"wp-block-paragraph\">Clara nahm es.<\/p>\n\n\n\n<p class=\"wp-block-paragraph\">Darauf stand eine junge Frau vor demselben Haus.<\/p>\n\n\n\n<p class=\"wp-block-paragraph\">In ihren Armen hielt sie ein Baby.<\/p>\n\n\n\n<p class=\"wp-block-paragraph\">Clara betrachtete das Gesicht.<\/p>\n\n\n\n<p class=\"wp-block-paragraph\">\u2014 Wer ist das?<\/p>\n\n\n\n<p class=\"wp-block-paragraph\">Frau Berger antwortete kaum h\u00f6rbar:<\/p>\n\n\n\n<p class=\"wp-block-paragraph\">\u2014 Ihre Mutter.<\/p>\n\n\n\n<p class=\"wp-block-paragraph\">Clara sah sie irritiert an.<\/p>\n\n\n\n<p class=\"wp-block-paragraph\">\u2014 Das ist nicht Elisabeth.<\/p>\n\n\n\n<p class=\"wp-block-paragraph\">\u2014 Nein.<\/p>\n\n\n\n<p class=\"wp-block-paragraph\">Stille.<\/p>\n\n\n\n<p class=\"wp-block-paragraph\">\u2014 Ihre leibliche Mutter hie\u00df Anna.<\/p>\n\n\n\n<p class=\"wp-block-paragraph\">Clara wurde blass.<\/p>\n\n\n\n<p class=\"wp-block-paragraph\">Frau Berger erz\u00e4hlte endlich, was sie sechsunddrei\u00dfig Jahre lang verschwiegen hatte.<\/p>\n\n\n\n<p class=\"wp-block-paragraph\">Anna war die j\u00fcngere Schwester Elisabeths gewesen.<\/p>\n\n\n\n<p class=\"wp-block-paragraph\">Sie war lebenslustig, impulsiv und verliebte sich in einen jungen Musiker namens Jonas. Die Familie hielt ihn f\u00fcr nicht standesgem\u00e4\u00df.<\/p>\n\n\n\n<p class=\"wp-block-paragraph\">Als Anna schwanger wurde, brach ein Streit aus.<\/p>\n\n\n\n<p class=\"wp-block-paragraph\">Doch sie bekam Clara trotzdem.<\/p>\n\n\n\n<p class=\"wp-block-paragraph\">Die ersten acht Monate lebten Anna, Jonas und das Baby in einer kleinen Wohnung.<\/p>\n\n\n\n<p class=\"wp-block-paragraph\">Dann geschah der Unfall.<\/p>\n\n\n\n<p class=\"wp-block-paragraph\">Auf dem Weg zu Annas Eltern geriet ihr Wagen bei starkem Regen von der Stra\u00dfe.<\/p>\n\n\n\n<p class=\"wp-block-paragraph\">Jonas starb sofort.<\/p>\n\n\n\n<p class=\"wp-block-paragraph\">Anna \u00fcberlebte schwer verletzt noch zwei Tage.<\/p>\n\n\n\n<p class=\"wp-block-paragraph\">Clara blieb unverletzt.<\/p>\n\n\n\n<p class=\"wp-block-paragraph\">\u2014 Ihre Mutter lag im Krankenhaus \u2014 sagte Frau Berger mit Tr\u00e4nen in den Augen. \u2014 Sie wusste, dass sie sterben w\u00fcrde.<\/p>\n\n\n\n<p class=\"wp-block-paragraph\">Elisabeth versprach ihr, sich um das Kind zu k\u00fcmmern.<\/p>\n\n\n\n<p class=\"wp-block-paragraph\">Und sie tat es.<\/p>\n\n\n\n<p class=\"wp-block-paragraph\">Aber sie konnte Clara nie ansehen, ohne an ihre Schwester zu denken.<\/p>\n\n\n\n<p class=\"wp-block-paragraph\">Aus Schmerz wurde Distanz.<\/p>\n\n\n\n<p class=\"wp-block-paragraph\">Aus Distanz wurde Schweigen.<\/p>\n\n\n\n<p class=\"wp-block-paragraph\">\u2014 Warum hat sie mir erz\u00e4hlt, mein Vater h\u00e4tte uns verlassen?<\/p>\n\n\n\n<p class=\"wp-block-paragraph\">Frau Berger senkte den Blick.<\/p>\n\n\n\n<p class=\"wp-block-paragraph\">\u2014 Weil die Wahrheit sie selbst zerst\u00f6rt h\u00e4tte. Und weil sie glaubte, Schweigen w\u00fcrde Sie sch\u00fctzen.<\/p>\n\n\n\n<p class=\"wp-block-paragraph\">Clara lachte bitter.<\/p>\n\n\n\n<p class=\"wp-block-paragraph\">\u2014 Sch\u00fctzen?<\/p>\n\n\n\n<p class=\"wp-block-paragraph\">Frau Berger nickte langsam.<\/p>\n\n\n\n<p class=\"wp-block-paragraph\">\u2014 Nein. Das hat es nicht.<\/p>\n\n\n\n<p class=\"wp-block-paragraph\">Dann drehte sie das Foto um.<\/p>\n\n\n\n<p class=\"wp-block-paragraph\">Auf der R\u00fcckseite standen einige Worte in verblasster Tinte:<\/p>\n\n\n\n<p class=\"wp-block-paragraph\"><strong>\u201eF\u00fcr Clara. Damit sie eines Tages wei\u00df, dass sie aus Liebe geboren wurde.\u201c<\/strong><\/p>\n\n\n\n<p class=\"wp-block-paragraph\">Clara setzte sich.<\/p>\n\n\n\n<p class=\"wp-block-paragraph\">Zum ersten Mal seit Jahren weinte sie wie ein Kind.<\/p>\n\n\n\n<p class=\"wp-block-paragraph\">Nicht nur um Anna.<\/p>\n\n\n\n<p class=\"wp-block-paragraph\">Nicht nur um Jonas.<\/p>\n\n\n\n<p class=\"wp-block-paragraph\">Auch um Elisabeth.<\/p>\n\n\n\n<p class=\"wp-block-paragraph\">Um eine Frau, die versprochen hatte, eine Mutter zu sein, aber nie gelernt hatte, mit ihrer eigenen Trauer zu leben.<\/p>\n\n\n\n<p class=\"wp-block-paragraph\">In den folgenden Wochen suchte Clara nach allem, was von ihren leiblichen Eltern geblieben war.<\/p>\n\n\n\n<p class=\"wp-block-paragraph\">Frau Berger hatte Briefe aufbewahrt.<\/p>\n\n\n\n<p class=\"wp-block-paragraph\">Fotos.<\/p>\n\n\n\n<p class=\"wp-block-paragraph\">Sogar eine kleine Kassette mit einem Lied, das Jonas f\u00fcr Anna geschrieben hatte.<\/p>\n\n\n\n<p class=\"wp-block-paragraph\">Clara h\u00f6rte es in einer Nacht allein im Salon.<\/p>\n\n\n\n<p class=\"wp-block-paragraph\">Danach sagte sie den Verkauf des Hauses ab.<\/p>\n\n\n\n<p class=\"wp-block-paragraph\">Nicht weil sie dort wohnen wollte.<\/p>\n\n\n\n<p class=\"wp-block-paragraph\">Sondern weil sie wusste, was daraus werden sollte.<\/p>\n\n\n\n<p class=\"wp-block-paragraph\">Zwei Jahre sp\u00e4ter er\u00f6ffnete in dem ehemaligen Familienanwesen das&nbsp;<strong>Haus Anna<\/strong>.<\/p>\n\n\n\n<p class=\"wp-block-paragraph\">Eine Stiftung unterst\u00fctzte dort Kinder, die nach dem Tod ihrer Eltern bei Verwandten oder Pflegefamilien aufwuchsen. Auch die Erwachsenen bekamen psychologische Hilfe, damit Trauer nicht zu Schweigen und Schweigen nicht zu einem neuen Schmerz wurde.<\/p>\n\n\n\n<p class=\"wp-block-paragraph\">Frau Berger erlebte die Er\u00f6ffnung noch.<\/p>\n\n\n\n<p class=\"wp-block-paragraph\">Clara zeigte ihr das alte Foto, das nun im Eingangsbereich hing.<\/p>\n\n\n\n<p class=\"wp-block-paragraph\">\u2014 Sie h\u00e4tten es mir fr\u00fcher sagen sollen.<\/p>\n\n\n\n<p class=\"wp-block-paragraph\">Die alte Frau nickte.<\/p>\n\n\n\n<p class=\"wp-block-paragraph\">\u2014 Ich wei\u00df.<\/p>\n\n\n\n<p class=\"wp-block-paragraph\">Clara nahm ihre Hand.<\/p>\n\n\n\n<p class=\"wp-block-paragraph\">\u2014 Aber Sie haben es mir schlie\u00dflich gesagt.<\/p>\n\n\n\n<p class=\"wp-block-paragraph\">Frau Berger starb im folgenden Winter friedlich.<\/p>\n\n\n\n<p class=\"wp-block-paragraph\">Clara blieb kinderlos, aber nicht aus Angst.<\/p>\n\n\n\n<p class=\"wp-block-paragraph\">Sie hatte verstanden, dass Familie viele Formen haben konnte.<\/p>\n\n\n\n<p class=\"wp-block-paragraph\">Und jedes Jahr am Todestag ihrer leiblichen Eltern stellte sie das alte Foto auf den Fl\u00fcgel.<\/p>\n\n\n\n<p class=\"wp-block-paragraph\">Sie betrachtete die junge Frau mit dem Baby und dachte nicht mehr:<\/p>\n\n\n\n<p class=\"wp-block-paragraph\"><strong>Warum wurde ich verlassen?<\/strong><\/p>\n\n\n\n<p class=\"wp-block-paragraph\">Denn endlich kannte sie die Wahrheit.<\/p>\n\n\n\n<p class=\"wp-block-paragraph\">Sie war nie verlassen worden.<\/p>\n\n\n\n<p class=\"wp-block-paragraph\">Sie war geliebt worden \u2014 nur hatte diese Liebe sechsunddrei\u00dfig Jahre gebraucht, um sie wiederzufinden.<\/p>\n","protected":false},"excerpt":{"rendered":"<p>Clara Winter war sechsunddrei\u00dfig Jahre alt, als sie in das Haus zur\u00fcckkehrte, in dem sie ihre Kindheit verbracht hatte. Sie kam nicht aus Sehnsucht. Ihre Mutter war gestorben, und Clara wollte das Anwesen verkaufen. Zwischen ihr und Elisabeth Winter hatte es nie wirkliche N\u00e4he gegeben. Als Kind bekam Clara alles, was Geld kaufen konnte: gute &#8230; <a title=\"Das Foto, das 36 Jahre lang verborgen blieb\" class=\"read-more\" href=\"https:\/\/warmtales.com\/?p=363\" aria-label=\"\u041f\u0440\u043e\u0447\u0438\u0442\u0430\u0442\u044c \u0431\u043e\u043b\u044c\u0448\u0435 \u043e Das Foto, das 36 Jahre lang verborgen blieb\">\u0427\u0438\u0442\u0430\u0442\u044c \u0434\u0430\u043b\u0435\u0435<\/a><\/p>\n","protected":false},"author":1,"featured_media":364,"comment_status":"open","ping_status":"open","sticky":false,"template":"","format":"standard","meta":{"footnotes":""},"categories":[1],"tags":[],"class_list":["post-363","post","type-post","status-publish","format-standard","has-post-thumbnail","hentry","category-uncategorized"],"_links":{"self":[{"href":"https:\/\/warmtales.com\/index.php?rest_route=\/wp\/v2\/posts\/363","targetHints":{"allow":["GET"]}}],"collection":[{"href":"https:\/\/warmtales.com\/index.php?rest_route=\/wp\/v2\/posts"}],"about":[{"href":"https:\/\/warmtales.com\/index.php?rest_route=\/wp\/v2\/types\/post"}],"author":[{"embeddable":true,"href":"https:\/\/warmtales.com\/index.php?rest_route=\/wp\/v2\/users\/1"}],"replies":[{"embeddable":true,"href":"https:\/\/warmtales.com\/index.php?rest_route=%2Fwp%2Fv2%2Fcomments&post=363"}],"version-history":[{"count":1,"href":"https:\/\/warmtales.com\/index.php?rest_route=\/wp\/v2\/posts\/363\/revisions"}],"predecessor-version":[{"id":365,"href":"https:\/\/warmtales.com\/index.php?rest_route=\/wp\/v2\/posts\/363\/revisions\/365"}],"wp:featuredmedia":[{"embeddable":true,"href":"https:\/\/warmtales.com\/index.php?rest_route=\/wp\/v2\/media\/364"}],"wp:attachment":[{"href":"https:\/\/warmtales.com\/index.php?rest_route=%2Fwp%2Fv2%2Fmedia&parent=363"}],"wp:term":[{"taxonomy":"category","embeddable":true,"href":"https:\/\/warmtales.com\/index.php?rest_route=%2Fwp%2Fv2%2Fcategories&post=363"},{"taxonomy":"post_tag","embeddable":true,"href":"https:\/\/warmtales.com\/index.php?rest_route=%2Fwp%2Fv2%2Ftags&post=363"}],"curies":[{"name":"wp","href":"https:\/\/api.w.org\/{rel}","templated":true}]}}