{"id":386,"date":"2026-09-05T07:57:02","date_gmt":"2026-09-05T07:57:02","guid":{"rendered":"https:\/\/warmtales.com\/?p=386"},"modified":"2026-09-05T07:57:03","modified_gmt":"2026-09-05T07:57:03","slug":"nisanlim-koltugumu-stajyerine-verdi","status":"publish","type":"post","link":"https:\/\/warmtales.com\/?p=386","title":{"rendered":"Ni\u015fanl\u0131m Koltu\u011fumu Stajyerine Verdi"},"content":{"rendered":"\n<p class=\"wp-block-paragraph\">Trene yaln\u0131zca \u00fc\u00e7 dakika ge\u00e7 binmi\u015ftim.<\/p>\n\n\n\n<p class=\"wp-block-paragraph\">Ama haftalar \u00f6ncesinden \u00f6zellikle ay\u0131rtt\u0131\u011f\u0131m pencere kenar\u0131ndaki koltu\u011fa ula\u015ft\u0131\u011f\u0131mda, orada \u015firketimizin yeni stajyeri Camellia oturuyordu.<\/p>\n\n\n\n<p class=\"wp-block-paragraph\">\u00dcstelik omuzlar\u0131nda ni\u015fanl\u0131m Luke\u2019un koyu gri ceketi vard\u0131.<\/p>\n\n\n\n<p class=\"wp-block-paragraph\">Luke da yan\u0131nda durmu\u015f, sanki birka\u00e7 ay sonra evlenece\u011fi kad\u0131n ben de\u011filmi\u015fim gibi onunla ilgileniyordu.<\/p>\n\n\n\n<p class=\"wp-block-paragraph\">\u2014 \u0130yi olacaks\u0131n, diyordu yumu\u015fak bir sesle. Clover anlay\u0131\u015f g\u00f6sterir.<\/p>\n\n\n\n<p class=\"wp-block-paragraph\">Camellia teredd\u00fctle bana ait koltu\u011fa bakt\u0131.<\/p>\n\n\n\n<p class=\"wp-block-paragraph\">\u2014 Ama buras\u0131 onun yeri. K\u0131zmaz m\u0131?<\/p>\n\n\n\n<p class=\"wp-block-paragraph\">Luke hi\u00e7 d\u00fc\u015f\u00fcnmeden cevap verdi.<\/p>\n\n\n\n<p class=\"wp-block-paragraph\">\u2014 K\u0131zmaz.<\/p>\n\n\n\n<p class=\"wp-block-paragraph\">Tam o s\u0131rada beni fark etti.<\/p>\n\n\n\n<p class=\"wp-block-paragraph\">Y\u00fcz\u00fcnde su\u00e7luluk yoktu.<\/p>\n\n\n\n<p class=\"wp-block-paragraph\">Sadece sab\u0131rs\u0131zl\u0131k.<\/p>\n\n\n\n<p class=\"wp-block-paragraph\">\u2014 Nihayet. Nerede kald\u0131n?<\/p>\n\n\n\n<p class=\"wp-block-paragraph\">Camellia\u2019ya, onun \u00fczerindeki cekete ve sonra Luke\u2019a bakt\u0131m.<\/p>\n\n\n\n<p class=\"wp-block-paragraph\">Luke arka taraf\u0131 i\u015faret etti.<\/p>\n\n\n\n<p class=\"wp-block-paragraph\">\u2014 Kendini iyi hissetmiyor. Sen onun koltu\u011funa ge\u00e7.<\/p>\n\n\n\n<p class=\"wp-block-paragraph\">Camellia\u2019n\u0131n yeri dar bir koridor koltu\u011fuydu. Yan\u0131nda k\u00fc\u00e7\u00fck \u00e7ocu\u011fu a\u011flayan bir aile oturuyordu.<\/p>\n\n\n\n<p class=\"wp-block-paragraph\">\u2014 Luke, bu benim ay\u0131rtt\u0131\u011f\u0131m koltuk.<\/p>\n\n\n\n<p class=\"wp-block-paragraph\">Derin bir nefes verdi.<\/p>\n\n\n\n<p class=\"wp-block-paragraph\">\u2014 Clover, bunu b\u00fcy\u00fctme. Sen Senior Director\u2019s\u0131n. \u00dcstelik benim ni\u015fanl\u0131ms\u0131n. Biraz anlay\u0131\u015f g\u00f6sterebilirsin.<\/p>\n\n\n\n<p class=\"wp-block-paragraph\">\u201cNi\u015fanl\u0131ms\u0131n.\u201d<\/p>\n\n\n\n<p class=\"wp-block-paragraph\">Be\u015f y\u0131ld\u0131r o kelimenin farkl\u0131 bir anlam ta\u015f\u0131d\u0131\u011f\u0131na inanm\u0131\u015ft\u0131m.<\/p>\n\n\n\n<p class=\"wp-block-paragraph\">Ortakl\u0131k.<\/p>\n\n\n\n<p class=\"wp-block-paragraph\">Sayg\u0131.<\/p>\n\n\n\n<p class=\"wp-block-paragraph\">Birbirinin yan\u0131nda durmak.<\/p>\n\n\n\n<p class=\"wp-block-paragraph\">Ama Luke i\u00e7in g\u00f6r\u00fcn\u00fc\u015fe g\u00f6re ni\u015fanl\u0131 olmak, onun i\u015fini kolayla\u015ft\u0131rmak i\u00e7in benim s\u00fcrekli geri \u00e7ekilmem demekti.<\/p>\n\n\n\n<p class=\"wp-block-paragraph\">Be\u015f y\u0131l boyunca kariyerinde ona destek olmu\u015ftum.<\/p>\n\n\n\n<p class=\"wp-block-paragraph\">Sunumlar\u0131n\u0131 d\u00fczeltmi\u015ftim.<\/p>\n\n\n\n<p class=\"wp-block-paragraph\">\u00d6nemli insanlarla tan\u0131\u015ft\u0131rm\u0131\u015ft\u0131m.<\/p>\n\n\n\n<p class=\"wp-block-paragraph\">M\u00fczakerelere haz\u0131rlanmas\u0131na yard\u0131m etmi\u015ftim.<\/p>\n\n\n\n<p class=\"wp-block-paragraph\">Maddi olarak zorland\u0131\u011f\u0131nda masraflar\u0131n\u0131 kar\u015f\u0131lam\u0131\u015ft\u0131m.<\/p>\n\n\n\n<p class=\"wp-block-paragraph\">Hatta ni\u015fan y\u00fcz\u00fc\u011f\u00fcm\u00fc al\u0131rken kart\u0131n\u0131n limiti yetmedi\u011finde aradaki fark\u0131 sessizce ben \u00f6demi\u015ftim.<\/p>\n\n\n\n<p class=\"wp-block-paragraph\">Onu utand\u0131rmak istememi\u015ftim.<\/p>\n\n\n\n<p class=\"wp-block-paragraph\">Ama o g\u00fcn, trenin dar koridorunda, ba\u015fka bir kad\u0131n onun ceketine sar\u0131lm\u0131\u015f \u015fekilde benim koltu\u011fumda otururken ger\u00e7e\u011fi g\u00f6rd\u00fcm.<\/p>\n\n\n\n<p class=\"wp-block-paragraph\">Mesele koltuk de\u011fildi.<\/p>\n\n\n\n<p class=\"wp-block-paragraph\">Mesele sayg\u0131yd\u0131.<\/p>\n\n\n\n<p class=\"wp-block-paragraph\">Ve Luke bana ne kadar az sayg\u0131 duydu\u011funu g\u00f6stermi\u015fti.<\/p>\n\n\n\n<p class=\"wp-block-paragraph\">Saatime bakt\u0131m.<\/p>\n\n\n\n<p class=\"wp-block-paragraph\">Trenin hareket etmesine bir dakikadan az kalm\u0131\u015ft\u0131.<\/p>\n\n\n\n<p class=\"wp-block-paragraph\">Bavulumu \u00e7evirdim.<\/p>\n\n\n\n<p class=\"wp-block-paragraph\">\u2014 Clover?<\/p>\n\n\n\n<p class=\"wp-block-paragraph\">Y\u00fcr\u00fcmeye devam ettim.<\/p>\n\n\n\n<p class=\"wp-block-paragraph\">\u2014 Clover! Nereye gidiyorsun?<\/p>\n\n\n\n<p class=\"wp-block-paragraph\">Kap\u0131lar kapanmadan hemen \u00f6nce perona \u00e7\u0131kt\u0131m.<\/p>\n\n\n\n<p class=\"wp-block-paragraph\">Camdan Luke\u2019un \u015fa\u015fk\u0131n y\u00fcz\u00fcn\u00fc g\u00f6rd\u00fcm.<\/p>\n\n\n\n<p class=\"wp-block-paragraph\">Camellia h\u00e2l\u00e2 benim yerimdeydi.<\/p>\n\n\n\n<p class=\"wp-block-paragraph\">Tren hareket etti.<\/p>\n\n\n\n<p class=\"wp-block-paragraph\">Telefonum birka\u00e7 saniye sonra titre\u015fti.<\/p>\n\n\n\n<p class=\"wp-block-paragraph\">Luke:<\/p>\n\n\n\n<p class=\"wp-block-paragraph\">\u201cTam olarak neyi kan\u0131tlamaya \u00e7al\u0131\u015f\u0131yorsun?\u201d<\/p>\n\n\n\n<p class=\"wp-block-paragraph\">Be\u015f y\u0131l\u0131n ard\u0131ndan ilk mesaj\u0131 buydu.<\/p>\n\n\n\n<p class=\"wp-block-paragraph\">\u201c\u0130yi misin?\u201d de\u011fil.<\/p>\n\n\n\n<p class=\"wp-block-paragraph\">\u201c\u00d6z\u00fcr dilerim\u201d de\u011fil.<\/p>\n\n\n\n<p class=\"wp-block-paragraph\">Sadece su\u00e7lama.<\/p>\n\n\n\n<p class=\"wp-block-paragraph\">D\u00f6rt kelimelik bir cevap yazd\u0131m:<\/p>\n\n\n\n<p class=\"wp-block-paragraph\">\u201cBiz art\u0131k evlenmiyoruz.\u201d<\/p>\n\n\n\n<p class=\"wp-block-paragraph\">Ard\u0131ndan d\u00fc\u011f\u00fcn organizat\u00f6r\u00fcm\u00fcz\u00fc arad\u0131m.<\/p>\n\n\n\n<p class=\"wp-block-paragraph\">T\u00fcm rezervasyonlar\u0131n ve s\u00f6zle\u015fmelerin durdurulmas\u0131n\u0131 istedim. \u0130ptal masraflar\u0131n\u0131 kendim kar\u015f\u0131layacakt\u0131m.<\/p>\n\n\n\n<p class=\"wp-block-paragraph\">Sonra y\u00fcz\u00fc\u011f\u00fcm\u00fc \u00e7\u0131kard\u0131m ve bavulumun i\u00e7 cebine koydum.<\/p>\n\n\n\n<p class=\"wp-block-paragraph\">Ama eve d\u00f6nmedim.<\/p>\n\n\n\n<p class=\"wp-block-paragraph\">\u00c7\u00fcnk\u00fc Boston\u2019a gitmem gerekiyordu.<\/p>\n\n\n\n<p class=\"wp-block-paragraph\">\u015eirketimiz orada milyonlarca dolarl\u0131k bir anla\u015fman\u0131n son g\u00f6r\u00fc\u015fmelerini yapacakt\u0131 ve projenin ba\u015f\u0131ndaki ki\u015fi bendim.<\/p>\n\n\n\n<p class=\"wp-block-paragraph\">Luke da toplant\u0131ya kat\u0131l\u0131yordu.<\/p>\n\n\n\n<p class=\"wp-block-paragraph\">Anla\u015fman\u0131n ba\u015far\u0131l\u0131 olmas\u0131, iki y\u0131ld\u0131r bekledi\u011fi terfiyi al\u0131p almamas\u0131n\u0131 do\u011frudan etkileyebilirdi.<\/p>\n\n\n\n<p class=\"wp-block-paragraph\">Luke \u00f6nemli bir ayr\u0131nt\u0131y\u0131 unutmu\u015ftu.<\/p>\n\n\n\n<p class=\"wp-block-paragraph\">Ben Boston\u2019a onun sayesinde gitmiyordum.<\/p>\n\n\n\n<p class=\"wp-block-paragraph\">O Boston\u2019a benim projem sayesinde gidiyordu.<\/p>\n\n\n\n<p class=\"wp-block-paragraph\">Bir sonraki trene bilet ald\u0131m.<\/p>\n\n\n\n<p class=\"wp-block-paragraph\">Bu s\u0131rada mesajlar\u0131 gelmeye devam etti.<\/p>\n\n\n\n<p class=\"wp-block-paragraph\">\u201cBir koltuk y\u00fcz\u00fcnden d\u00fc\u011f\u00fcn iptal edilmez.\u201d<\/p>\n\n\n\n<p class=\"wp-block-paragraph\">\u201cCamellia hastayd\u0131.\u201d<\/p>\n\n\n\n<p class=\"wp-block-paragraph\">\u201cDramatik davranmay\u0131 b\u0131rak.\u201d<\/p>\n\n\n\n<p class=\"wp-block-paragraph\">Sonra ton de\u011fi\u015fti.<\/p>\n\n\n\n<p class=\"wp-block-paragraph\">\u201cBoston konusunda konu\u015fmal\u0131y\u0131z.\u201d<\/p>\n\n\n\n<p class=\"wp-block-paragraph\">Ard\u0131ndan:<\/p>\n\n\n\n<p class=\"wp-block-paragraph\">\u201cM\u00fc\u015fteriyle ilgili aptalca bir \u015fey yapma.\u201d<\/p>\n\n\n\n<p class=\"wp-block-paragraph\">G\u00fcl\u00fcmsedim.<\/p>\n\n\n\n<p class=\"wp-block-paragraph\">Sonunda neyin ger\u00e7ekten umurunda oldu\u011funu g\u00f6stermi\u015fti.<\/p>\n\n\n\n<p class=\"wp-block-paragraph\">Boston\u2019a vard\u0131\u011f\u0131mda do\u011fruca otele gittim.<\/p>\n\n\n\n<p class=\"wp-block-paragraph\">Ertesi sabah \u015firketimizin ekibi toplant\u0131 odas\u0131nda topland\u0131.<\/p>\n\n\n\n<p class=\"wp-block-paragraph\">Luke \u00e7oktan gelmi\u015fti.<\/p>\n\n\n\n<p class=\"wp-block-paragraph\">Camellia da yan\u0131ndayd\u0131.<\/p>\n\n\n\n<p class=\"wp-block-paragraph\">Beni g\u00f6r\u00fcnce aya\u011fa kalkt\u0131.<\/p>\n\n\n\n<p class=\"wp-block-paragraph\">\u2014 Sonunda konu\u015fabilir miyiz?<\/p>\n\n\n\n<p class=\"wp-block-paragraph\">\u2014 Toplant\u0131dan sonra.<\/p>\n\n\n\n<p class=\"wp-block-paragraph\">\u2014 Clover, bu ki\u015fisel mesele y\u00fcz\u00fcnden i\u015fi riske atamazs\u0131n.<\/p>\n\n\n\n<p class=\"wp-block-paragraph\">Ona bakt\u0131m.<\/p>\n\n\n\n<p class=\"wp-block-paragraph\">\u2014 Ben i\u015fi riske atm\u0131yorum.<\/p>\n\n\n\n<p class=\"wp-block-paragraph\">Tam o s\u0131rada m\u00fc\u015fterinin hukuk direkt\u00f6r\u00fc i\u00e7eri girdi.<\/p>\n\n\n\n<p class=\"wp-block-paragraph\">Ard\u0131ndan CEO yard\u0131mc\u0131s\u0131.<\/p>\n\n\n\n<p class=\"wp-block-paragraph\">\u0130kisi de do\u011frudan bana do\u011fru y\u00fcr\u00fcd\u00fc.<\/p>\n\n\n\n<p class=\"wp-block-paragraph\">\u2014 Clover, sizi tekrar g\u00f6rmek g\u00fczel. Son taslak \u00fczerindeki de\u011fi\u015fikliklerinizi inceledik. Y\u00f6netim onaylad\u0131.<\/p>\n\n\n\n<p class=\"wp-block-paragraph\">Luke\u2019un y\u00fcz\u00fc de\u011fi\u015fti.<\/p>\n\n\n\n<p class=\"wp-block-paragraph\">M\u00fc\u015fteri devam etti:<\/p>\n\n\n\n<p class=\"wp-block-paragraph\">\u2014 Ayr\u0131ca son m\u00fczakerenin yaln\u0131zca sizin liderli\u011finizde y\u00fcr\u00fct\u00fclmesini istedi\u011fimizi \u015firketinize bildirdik.<\/p>\n\n\n\n<p class=\"wp-block-paragraph\">Masadaki sessizlik a\u011f\u0131rla\u015ft\u0131.<\/p>\n\n\n\n<p class=\"wp-block-paragraph\">Camellia Luke\u2019a bakt\u0131.<\/p>\n\n\n\n<p class=\"wp-block-paragraph\">Ben dosyam\u0131 a\u00e7t\u0131m.<\/p>\n\n\n\n<p class=\"wp-block-paragraph\">\u2014 O zaman ba\u015flayal\u0131m.<\/p>\n\n\n\n<p class=\"wp-block-paragraph\">G\u00f6r\u00fc\u015fme d\u00f6rt saat s\u00fcrd\u00fc.<\/p>\n\n\n\n<p class=\"wp-block-paragraph\">S\u00f6zle\u015fme imzaland\u0131.<\/p>\n\n\n\n<p class=\"wp-block-paragraph\">\u015eirket tarihimizin en b\u00fcy\u00fck anla\u015fmalar\u0131ndan biriydi.<\/p>\n\n\n\n<p class=\"wp-block-paragraph\">Toplant\u0131 bittikten sonra b\u00f6l\u00fcm ba\u015fkan\u0131m\u0131z beni kenara \u00e7ekti.<\/p>\n\n\n\n<p class=\"wp-block-paragraph\">\u2014 Luke hakk\u0131nda seninle konu\u015fmam gerekiyor.<\/p>\n\n\n\n<p class=\"wp-block-paragraph\">\u0130\u00e7imde bir \u015fey gerildi.<\/p>\n\n\n\n<p class=\"wp-block-paragraph\">\u2014 Ne oldu?<\/p>\n\n\n\n<p class=\"wp-block-paragraph\">\u2014 Bu sabah m\u00fc\u015fteriye do\u011frudan ula\u015fmaya \u00e7al\u0131\u015fm\u0131\u015f. Kendini projenin e\u015f lideri olarak tan\u0131tm\u0131\u015f ve son m\u00fczakerelerde daha fazla yetki istedi\u011fini s\u00f6ylemi\u015f.<\/p>\n\n\n\n<p class=\"wp-block-paragraph\">G\u00f6zlerimi kapat\u0131p k\u0131sa bir nefes ald\u0131m.<\/p>\n\n\n\n<p class=\"wp-block-paragraph\">\u015ea\u015f\u0131rmam\u0131\u015ft\u0131m.<\/p>\n\n\n\n<p class=\"wp-block-paragraph\">\u2014 M\u00fc\u015fteri ne dedi?<\/p>\n\n\n\n<p class=\"wp-block-paragraph\">\u2014 Bizi aray\u0131p neden proje sorumlusunun de\u011fi\u015ftirildi\u011fini sordu. Biz de de\u011fi\u015ftirilmedi\u011fini s\u00f6yledik.<\/p>\n\n\n\n<p class=\"wp-block-paragraph\">Bir hafta sonra Luke terfiyi alamad\u0131.<\/p>\n\n\n\n<p class=\"wp-block-paragraph\">Sebep ayr\u0131l\u0131\u011f\u0131m\u0131z de\u011fildi.<\/p>\n\n\n\n<p class=\"wp-block-paragraph\">Benim s\u00f6yledi\u011fim hi\u00e7bir \u015fey de de\u011fildi.<\/p>\n\n\n\n<p class=\"wp-block-paragraph\">Kendi y\u00f6neticileri, m\u00fc\u015fteriye yetkisi olmad\u0131\u011f\u0131 h\u00e2lde ula\u015fmas\u0131n\u0131 ve kendi rol\u00fcn\u00fc oldu\u011fundan b\u00fcy\u00fck g\u00f6stermesini ciddi bir g\u00fcven sorunu olarak de\u011ferlendirdi.<\/p>\n\n\n\n<p class=\"wp-block-paragraph\">Camellia ise ba\u015fka bir ekibe ge\u00e7irildi.<\/p>\n\n\n\n<p class=\"wp-block-paragraph\">Sonradan \u00f6\u011frendi\u011fime g\u00f6re Luke\u2019un ona verdi\u011fi ilgi konusunda o da rahats\u0131z olmaya ba\u015flam\u0131\u015ft\u0131. Trende ya\u015fananlar\u0131 bir iyilik olarak g\u00f6rm\u00fc\u015f, ancak aralar\u0131nda benim d\u00fc\u015f\u00fcnd\u00fc\u011f\u00fcm t\u00fcrden bir ili\u015fki olmad\u0131\u011f\u0131n\u0131 a\u00e7\u0131k\u00e7a belirtmi\u015fti.<\/p>\n\n\n\n<p class=\"wp-block-paragraph\">Bu, Luke\u2019un davran\u0131\u015f\u0131n\u0131 daha iyi yapm\u0131yordu.<\/p>\n\n\n\n<p class=\"wp-block-paragraph\">\u00c7\u00fcnk\u00fc as\u0131l mesele hi\u00e7bir zaman Camellia de\u011fildi.<\/p>\n\n\n\n<p class=\"wp-block-paragraph\">Luke birka\u00e7 hafta boyunca beni arad\u0131.<\/p>\n\n\n\n<p class=\"wp-block-paragraph\">\u00d6nce \u00f6fkeliydi.<\/p>\n\n\n\n<p class=\"wp-block-paragraph\">Sonra su\u00e7lay\u0131c\u0131.<\/p>\n\n\n\n<p class=\"wp-block-paragraph\">Sonra pi\u015fman.<\/p>\n\n\n\n<p class=\"wp-block-paragraph\">Son mesajlar\u0131ndan biri \u015f\u00f6yleydi:<\/p>\n\n\n\n<p class=\"wp-block-paragraph\">\u201cBe\u015f y\u0131l\u0131 ger\u00e7ekten bir tren koltu\u011fu y\u00fcz\u00fcnden \u00e7\u00f6pe mi atacaks\u0131n?\u201d<\/p>\n\n\n\n<p class=\"wp-block-paragraph\">Cevap verdim:<\/p>\n\n\n\n<p class=\"wp-block-paragraph\">\u201cHay\u0131r. Bir tren koltu\u011fu bana be\u015f y\u0131ld\u0131r g\u00f6rmezden geldi\u011fim \u015feyi g\u00f6sterdi.\u201d<\/p>\n\n\n\n<p class=\"wp-block-paragraph\">Bir daha yazmad\u0131m.<\/p>\n\n\n\n<p class=\"wp-block-paragraph\">Aylar sonra Boston anla\u015fmas\u0131 sayesinde \u015firketimde yeni bir pozisyona terfi ettim.<\/p>\n\n\n\n<p class=\"wp-block-paragraph\">Bir ak\u015fam, i\u015ften eve d\u00f6nerken trene bindim.<\/p>\n\n\n\n<p class=\"wp-block-paragraph\">Pencere kenar\u0131nda bir koltu\u011fum vard\u0131.<\/p>\n\n\n\n<p class=\"wp-block-paragraph\">Bavulumu yerle\u015ftirdim, oturdum ve d\u0131\u015far\u0131 bakt\u0131m.<\/p>\n\n\n\n<p class=\"wp-block-paragraph\">Kimseye yerimi vermek zorunda de\u011fildim.<\/p>\n\n\n\n<p class=\"wp-block-paragraph\">Kimsenin sevgisini hak etmek i\u00e7in kendimi k\u00fc\u00e7\u00fcltmem gerekmiyordu.<\/p>\n\n\n\n<p class=\"wp-block-paragraph\">O g\u00fcn trenden inmek hayat\u0131m\u0131n en kolay karar\u0131 de\u011fildi.<\/p>\n\n\n\n<p class=\"wp-block-paragraph\">Ama sonunda do\u011fru vagona binmemi sa\u011flayan karar oldu.<\/p>\n","protected":false},"excerpt":{"rendered":"<p>Trene yaln\u0131zca \u00fc\u00e7 dakika ge\u00e7 binmi\u015ftim. Ama haftalar \u00f6ncesinden \u00f6zellikle ay\u0131rtt\u0131\u011f\u0131m pencere kenar\u0131ndaki koltu\u011fa ula\u015ft\u0131\u011f\u0131mda, orada \u015firketimizin yeni stajyeri Camellia oturuyordu. \u00dcstelik omuzlar\u0131nda ni\u015fanl\u0131m Luke\u2019un koyu gri ceketi vard\u0131. Luke da yan\u0131nda durmu\u015f, sanki birka\u00e7 ay sonra evlenece\u011fi kad\u0131n ben de\u011filmi\u015fim gibi onunla ilgileniyordu. \u2014 \u0130yi olacaks\u0131n, diyordu yumu\u015fak bir sesle. Clover anlay\u0131\u015f g\u00f6sterir. Camellia &#8230; <a title=\"Ni\u015fanl\u0131m Koltu\u011fumu Stajyerine Verdi\" class=\"read-more\" href=\"https:\/\/warmtales.com\/?p=386\" aria-label=\"\u041f\u0440\u043e\u0447\u0438\u0442\u0430\u0442\u044c \u0431\u043e\u043b\u044c\u0448\u0435 \u043e Ni\u015fanl\u0131m Koltu\u011fumu Stajyerine Verdi\">\u0427\u0438\u0442\u0430\u0442\u044c \u0434\u0430\u043b\u0435\u0435<\/a><\/p>\n","protected":false},"author":1,"featured_media":387,"comment_status":"open","ping_status":"open","sticky":false,"template":"","format":"standard","meta":{"footnotes":""},"categories":[1],"tags":[],"class_list":["post-386","post","type-post","status-publish","format-standard","has-post-thumbnail","hentry","category-uncategorized"],"_links":{"self":[{"href":"https:\/\/warmtales.com\/index.php?rest_route=\/wp\/v2\/posts\/386","targetHints":{"allow":["GET"]}}],"collection":[{"href":"https:\/\/warmtales.com\/index.php?rest_route=\/wp\/v2\/posts"}],"about":[{"href":"https:\/\/warmtales.com\/index.php?rest_route=\/wp\/v2\/types\/post"}],"author":[{"embeddable":true,"href":"https:\/\/warmtales.com\/index.php?rest_route=\/wp\/v2\/users\/1"}],"replies":[{"embeddable":true,"href":"https:\/\/warmtales.com\/index.php?rest_route=%2Fwp%2Fv2%2Fcomments&post=386"}],"version-history":[{"count":1,"href":"https:\/\/warmtales.com\/index.php?rest_route=\/wp\/v2\/posts\/386\/revisions"}],"predecessor-version":[{"id":388,"href":"https:\/\/warmtales.com\/index.php?rest_route=\/wp\/v2\/posts\/386\/revisions\/388"}],"wp:featuredmedia":[{"embeddable":true,"href":"https:\/\/warmtales.com\/index.php?rest_route=\/wp\/v2\/media\/387"}],"wp:attachment":[{"href":"https:\/\/warmtales.com\/index.php?rest_route=%2Fwp%2Fv2%2Fmedia&parent=386"}],"wp:term":[{"taxonomy":"category","embeddable":true,"href":"https:\/\/warmtales.com\/index.php?rest_route=%2Fwp%2Fv2%2Fcategories&post=386"},{"taxonomy":"post_tag","embeddable":true,"href":"https:\/\/warmtales.com\/index.php?rest_route=%2Fwp%2Fv2%2Ftags&post=386"}],"curies":[{"name":"wp","href":"https:\/\/api.w.org\/{rel}","templated":true}]}}