{"id":393,"date":"2026-09-05T08:04:14","date_gmt":"2026-09-05T08:04:14","guid":{"rendered":"https:\/\/warmtales.com\/?p=393"},"modified":"2026-09-05T08:04:14","modified_gmt":"2026-09-05T08:04:14","slug":"beni-evden-kovdu-sonra-gercegi-ogrendi","status":"publish","type":"post","link":"https:\/\/warmtales.com\/?p=393","title":{"rendered":"Beni Evden Kovdu\u2014Sonra Ger\u00e7e\u011fi \u00d6\u011frendi"},"content":{"rendered":"\n<p class=\"wp-block-paragraph\">\u2014 Defol! Seni bir daha g\u00f6rmek istemiyorum!<\/p>\n\n\n\n<p class=\"wp-block-paragraph\">Daniel\u2019\u0131n sesi evin i\u00e7inde yank\u0131land\u0131.<\/p>\n\n\n\n<p class=\"wp-block-paragraph\">Mutfak adas\u0131n\u0131n yan\u0131nda duruyordum. Kolumun alt\u0131nda, birka\u00e7 dakika \u00f6nce beni tezg\u00e2ha itti\u011finde olu\u015fan morluk koyula\u015f\u0131yordu.<\/p>\n\n\n\n<p class=\"wp-block-paragraph\">Tek yapt\u0131\u011f\u0131m, evlilik y\u0131ld\u00f6n\u00fcm\u00fc yeme\u011fimiz boyunca neden ba\u015fka bir kad\u0131nla mesajla\u015ft\u0131\u011f\u0131n\u0131 sormakt\u0131.<\/p>\n\n\n\n<p class=\"wp-block-paragraph\">O kad\u0131n Vanessa Cole\u2019du.<\/p>\n\n\n\n<p class=\"wp-block-paragraph\">Daniel\u2019\u0131n \u015firketinde pazarlama direkt\u00f6r\u00fcyd\u00fc.<\/p>\n\n\n\n<p class=\"wp-block-paragraph\">Ve \u015fimdi siyah SUV\u2019sinin i\u00e7inde, evimizin \u00f6n\u00fcnde onu bekliyordu.<\/p>\n\n\n\n<p class=\"wp-block-paragraph\">Daniel kap\u0131y\u0131 g\u00f6sterdi.<\/p>\n\n\n\n<p class=\"wp-block-paragraph\">\u2014 Hayat\u0131m\u0131 \u00e7ekilmez h\u00e2le getiriyorsun. Vanessa beni anl\u0131yor. Senin gibi her \u015feyi sorgulam\u0131yor.<\/p>\n\n\n\n<p class=\"wp-block-paragraph\">Alt\u0131 y\u0131l \u00f6nce evlendi\u011fim adama bakt\u0131m.<\/p>\n\n\n\n<p class=\"wp-block-paragraph\">Bile\u011finde h\u00e2l\u00e2 ona verdi\u011fim g\u00fcm\u00fc\u015f saat vard\u0131.<\/p>\n\n\n\n<p class=\"wp-block-paragraph\">\u015eirketi iflas\u0131n e\u015fi\u011findeyken \u00e7al\u0131\u015fanlar\u0131n\u0131n maa\u015flar\u0131n\u0131 \u00f6deyebilmesi i\u00e7in m\u00fccevherlerimi satt\u0131\u011f\u0131m\u0131 da \u00e7ok iyi biliyordu.<\/p>\n\n\n\n<p class=\"wp-block-paragraph\">Ama bilmedi\u011fi bir \u015fey vard\u0131.<\/p>\n\n\n\n<p class=\"wp-block-paragraph\">Satt\u0131\u011f\u0131m o m\u00fccevherlerin de\u011feri, sahip oldu\u011fum ger\u00e7ek servetin yan\u0131nda neredeyse hi\u00e7bir \u015feydi.<\/p>\n\n\n\n<p class=\"wp-block-paragraph\">Ben Claire Bennett Mercer\u2019d\u0131m.<\/p>\n\n\n\n<p class=\"wp-block-paragraph\">Bennett Industrial Group\u2019un kurucusu Arthur Bennett\u2019\u0131n tek torunuydum.<\/p>\n\n\n\n<p class=\"wp-block-paragraph\">Dedem, bana b\u0131rakaca\u011f\u0131 miras\u0131 otuz ikinci do\u011fum g\u00fcn\u00fcme kadar bir vak\u0131f fonunda tutmu\u015ftu.<\/p>\n\n\n\n<p class=\"wp-block-paragraph\">De\u011feri 180 milyon dolar\u0131n \u00fczerindeydi.<\/p>\n\n\n\n<p class=\"wp-block-paragraph\">Otuz ikinci do\u011fum g\u00fcn\u00fcm \u00fc\u00e7 hafta \u00f6nceydi.<\/p>\n\n\n\n<p class=\"wp-block-paragraph\">Daniel\u2019a hi\u00e7bir zaman s\u00f6ylememi\u015ftim.<\/p>\n\n\n\n<p class=\"wp-block-paragraph\">Dedem \u00f6lmeden \u00f6nce bana \u015f\u00f6yle demi\u015fti:<\/p>\n\n\n\n<p class=\"wp-block-paragraph\">\u2014 Bir adam, soyad\u0131n\u0131n neye sahip oldu\u011funu \u00f6\u011frendikten sonra seni daha \u00e7ok seviyorsa, asl\u0131nda seni hi\u00e7bir zaman sevmemi\u015ftir.<\/p>\n\n\n\n<p class=\"wp-block-paragraph\">Daniel\u2019\u0131n farkl\u0131 oldu\u011funa inanmak istemi\u015ftim.<\/p>\n\n\n\n<p class=\"wp-block-paragraph\">Art\u0131k cevab\u0131m\u0131 alm\u0131\u015ft\u0131m.<\/p>\n\n\n\n<p class=\"wp-block-paragraph\">Tart\u0131\u015fmad\u0131m.<\/p>\n\n\n\n<p class=\"wp-block-paragraph\">Ba\u011f\u0131rmad\u0131m.<\/p>\n\n\n\n<p class=\"wp-block-paragraph\">Yukar\u0131 \u00e7\u0131kt\u0131m, tek bir bavul haz\u0131rlad\u0131m ve alyans\u0131m\u0131 \u00e7\u0131kard\u0131m.<\/p>\n\n\n\n<p class=\"wp-block-paragraph\">Daniel kap\u0131da durmu\u015f beni izliyordu.<\/p>\n\n\n\n<p class=\"wp-block-paragraph\">\u2014 Hepsi bu mu? Bana yalvarmayacak m\u0131s\u0131n?<\/p>\n\n\n\n<p class=\"wp-block-paragraph\">Y\u00fcz\u00fc\u011f\u00fc \u015fifonyerin \u00fczerine b\u0131rakt\u0131m.<\/p>\n\n\n\n<p class=\"wp-block-paragraph\">\u2014 Hay\u0131r.<\/p>\n\n\n\n<p class=\"wp-block-paragraph\">Sonra \u00e7\u0131kt\u0131m.<\/p>\n\n\n\n<p class=\"wp-block-paragraph\">K\u0131rk dakika sonra a\u011fabeyim Nathan\u2019\u0131n g\u00f6nderdi\u011fi araban\u0131n arka koltu\u011fundayd\u0131m.<\/p>\n\n\n\n<p class=\"wp-block-paragraph\">Annem Margaret, morlu\u011fu g\u00f6rd\u00fc\u011f\u00fc anda dondu.<\/p>\n\n\n\n<p class=\"wp-block-paragraph\">\u2014 Bunu o mu yapt\u0131?<\/p>\n\n\n\n<p class=\"wp-block-paragraph\">Ba\u015f\u0131m\u0131 sallad\u0131m.<\/p>\n\n\n\n<p class=\"wp-block-paragraph\">Telefonunu \u00e7\u0131kard\u0131.<\/p>\n\n\n\n<p class=\"wp-block-paragraph\">O gece Bennett Industrial\u2019\u0131n hukuk ekibi, Daniel\u2019\u0131n \u015firketi Mercer Development ile ba\u011flant\u0131l\u0131 t\u00fcm bekleyen s\u00f6zle\u015fmeleri incelemeye ald\u0131.<\/p>\n\n\n\n<p class=\"wp-block-paragraph\">Bu, k\u00f6r bir intikam de\u011fildi.<\/p>\n\n\n\n<p class=\"wp-block-paragraph\">Daniel\u2019\u0131n \u015firketi zaten Bennett projelerine fazlas\u0131yla ba\u011f\u0131ml\u0131yd\u0131.<\/p>\n\n\n\n<p class=\"wp-block-paragraph\">Bir\u00e7ok kredi hatt\u0131, gelecekteki proje gelirlerine ba\u011fl\u0131yd\u0131.<\/p>\n\n\n\n<p class=\"wp-block-paragraph\">S\u00f6zle\u015fmeler incelemeye al\u0131nd\u0131\u011f\u0131 anda bankalar da harekete ge\u00e7ti.<\/p>\n\n\n\n<p class=\"wp-block-paragraph\">Ertesi sabah Daniel\u2019\u0131n telefonunda on yedi cevaps\u0131z arama vard\u0131.<\/p>\n\n\n\n<p class=\"wp-block-paragraph\">Saat 08.12\u2019de Nathan, iki avukatla birlikte Daniel\u2019\u0131n ofisine girdi.<\/p>\n\n\n\n<p class=\"wp-block-paragraph\">\u2014 Burada ne i\u015fin var? \u2014diye sordu Daniel.<\/p>\n\n\n\n<p class=\"wp-block-paragraph\">Nathan masaya bir dosya b\u0131rakt\u0131.<\/p>\n\n\n\n<p class=\"wp-block-paragraph\">\u2014 K\u0131z karde\u015fim bo\u015fanma davas\u0131 a\u00e7\u0131yor.<\/p>\n\n\n\n<p class=\"wp-block-paragraph\">Daniel ka\u015flar\u0131n\u0131 \u00e7att\u0131.<\/p>\n\n\n\n<p class=\"wp-block-paragraph\">\u2014 K\u0131z karde\u015fin?<\/p>\n\n\n\n<p class=\"wp-block-paragraph\">Nathan dosyadan bir foto\u011fraf \u00e7\u0131kard\u0131.<\/p>\n\n\n\n<p class=\"wp-block-paragraph\">Foto\u011frafta ben, dedem Arthur Bennett\u2019\u0131n yan\u0131nda aile vakf\u0131m\u0131z\u0131n bir etkinli\u011finde duruyordum.<\/p>\n\n\n\n<p class=\"wp-block-paragraph\">Daniel\u2019\u0131n y\u00fcz\u00fc bir anda soldu.<\/p>\n\n\n\n<p class=\"wp-block-paragraph\">\u2014 Claire\u2026 Bennett m\u0131?<\/p>\n\n\n\n<p class=\"wp-block-paragraph\">Nathan sakin kald\u0131.<\/p>\n\n\n\n<p class=\"wp-block-paragraph\">\u2014 D\u00fcn gece Bennett ailesinin varisini kendi evinden kovdun.<\/p>\n\n\n\n<p class=\"wp-block-paragraph\">Daniel hemen beni aramaya ba\u015flad\u0131.<\/p>\n\n\n\n<p class=\"wp-block-paragraph\">Cevap vermedim.<\/p>\n\n\n\n<p class=\"wp-block-paragraph\">Mesajlar geldi.<\/p>\n\n\n\n<p class=\"wp-block-paragraph\">\u201cKonu\u015fmam\u0131z laz\u0131m.\u201d<\/p>\n\n\n\n<p class=\"wp-block-paragraph\">\u201cVanessa sand\u0131\u011f\u0131n gibi biri de\u011fil.\u201d<\/p>\n\n\n\n<p class=\"wp-block-paragraph\">\u201cBunu \u015firketime yapamazs\u0131n.\u201d<\/p>\n\n\n\n<p class=\"wp-block-paragraph\">Son mesaj her \u015feyi anlat\u0131yordu.<\/p>\n\n\n\n<p class=\"wp-block-paragraph\">H\u00e2l\u00e2 beni de\u011fil, \u015firketini d\u00fc\u015f\u00fcn\u00fcyordu.<\/p>\n\n\n\n<p class=\"wp-block-paragraph\">Ertesi g\u00fcn avukat\u0131mla g\u00f6r\u00fc\u015ft\u00fcm.<\/p>\n\n\n\n<p class=\"wp-block-paragraph\">Miras\u0131m\u0131n tamam\u0131 evlilik malvarl\u0131\u011f\u0131ndan ayr\u0131 tutulmu\u015ftu.<\/p>\n\n\n\n<p class=\"wp-block-paragraph\">Daniel\u2019\u0131n \u00fczerinde hi\u00e7bir hakk\u0131 yoktu.<\/p>\n\n\n\n<p class=\"wp-block-paragraph\">Ancak as\u0131l konu para de\u011fildi.<\/p>\n\n\n\n<p class=\"wp-block-paragraph\">Evdeki g\u00fcvenlik kameralar\u0131 tart\u0131\u015fman\u0131n bir b\u00f6l\u00fcm\u00fcn\u00fc kaydetmi\u015fti.<\/p>\n\n\n\n<p class=\"wp-block-paragraph\">Kolumdaki morluk da belgelenmi\u015fti.<\/p>\n\n\n\n<p class=\"wp-block-paragraph\">\u0130lk kez Daniel, benim sessiz kal\u0131p kalmamama g\u00fcvenemeyece\u011fini anlad\u0131.<\/p>\n\n\n\n<p class=\"wp-block-paragraph\">Bir hafta i\u00e7inde \u015firketinde kriz ba\u015flad\u0131.<\/p>\n\n\n\n<p class=\"wp-block-paragraph\">Bankalar ek teminat istedi.<\/p>\n\n\n\n<p class=\"wp-block-paragraph\">Bir yat\u0131r\u0131mc\u0131 g\u00f6r\u00fc\u015fmelerden \u00e7ekildi.<\/p>\n\n\n\n<p class=\"wp-block-paragraph\">B\u00fcy\u00fck projeler durdu.<\/p>\n\n\n\n<p class=\"wp-block-paragraph\">Vanessa ise Daniel\u2019\u0131n yan\u0131nda fazla kalmad\u0131.<\/p>\n\n\n\n<p class=\"wp-block-paragraph\">\u015eirketin durumu k\u00f6t\u00fcle\u015fince rakip bir firmadan gelen teklifi kabul edip ayr\u0131ld\u0131.<\/p>\n\n\n\n<p class=\"wp-block-paragraph\">Daniel\u2019\u0131n u\u011fruna evlili\u011fimizi de\u011fersizle\u015ftirdi\u011fi kad\u0131n, sorunlar ba\u015flay\u0131nca yok olmu\u015ftu.<\/p>\n\n\n\n<p class=\"wp-block-paragraph\">Birka\u00e7 ay sonra bo\u015fanma sonu\u00e7land\u0131.<\/p>\n\n\n\n<p class=\"wp-block-paragraph\">Mercer Development tamamen batmad\u0131 ama ciddi bi\u00e7imde k\u00fc\u00e7\u00fcld\u00fc.<\/p>\n\n\n\n<p class=\"wp-block-paragraph\">Daniel baz\u0131 projeleri satmak zorunda kald\u0131.<\/p>\n\n\n\n<p class=\"wp-block-paragraph\">\u00c7al\u0131\u015fan \u00e7\u0131kard\u0131.<\/p>\n\n\n\n<p class=\"wp-block-paragraph\">G\u00f6steri\u015fli hayat\u0131 sona erdi.<\/p>\n\n\n\n<p class=\"wp-block-paragraph\">Ben ise aile \u015firketine d\u00f6nmek yerine, kendi karar\u0131m\u0131 verdim.<\/p>\n\n\n\n<p class=\"wp-block-paragraph\">Miras\u0131n bir b\u00f6l\u00fcm\u00fcn\u00fc aile vakf\u0131na aktard\u0131m ve \u015fiddet i\u00e7eren ili\u015fkilerden \u00e7\u0131kmaya \u00e7al\u0131\u015fan kad\u0131nlara hukuki ve maddi destek sa\u011flayan bir program kurdum.<\/p>\n\n\n\n<p class=\"wp-block-paragraph\">Bir g\u00fcn Nathan bana Daniel\u2019dan gelen son bir mektup uzatt\u0131.<\/p>\n\n\n\n<p class=\"wp-block-paragraph\">\u2014 Okumayacak m\u0131s\u0131n? \u2014diye sordu.<\/p>\n\n\n\n<p class=\"wp-block-paragraph\">Zarf\u0131 masaya b\u0131rakt\u0131m.<\/p>\n\n\n\n<p class=\"wp-block-paragraph\">\u2014 Hay\u0131r.<\/p>\n\n\n\n<p class=\"wp-block-paragraph\">\u2014 Neden?<\/p>\n\n\n\n<p class=\"wp-block-paragraph\">Pencereye do\u011fru bakt\u0131m.<\/p>\n\n\n\n<p class=\"wp-block-paragraph\">\u2014 Alt\u0131 y\u0131l boyunca ne s\u00f6ylemek istedi\u011fini dinledim. Art\u0131k yeter.<\/p>\n\n\n\n<p class=\"wp-block-paragraph\">Daniel beni evden kovdu\u011fu gece, gidecek hi\u00e7bir yerim olmad\u0131\u011f\u0131n\u0131 d\u00fc\u015f\u00fcn\u00fcyordu.<\/p>\n\n\n\n<p class=\"wp-block-paragraph\">Paras\u0131z oldu\u011fumu d\u00fc\u015f\u00fcnd\u00fc.<\/p>\n\n\n\n<p class=\"wp-block-paragraph\">G\u00fc\u00e7s\u00fcz oldu\u011fumu d\u00fc\u015f\u00fcnd\u00fc.<\/p>\n\n\n\n<p class=\"wp-block-paragraph\">Ama en b\u00fcy\u00fck yan\u0131lg\u0131s\u0131 servetim de\u011fildi.<\/p>\n\n\n\n<p class=\"wp-block-paragraph\">Benim g\u00fcc\u00fcm\u00fc paradan ald\u0131\u011f\u0131m\u0131 sanmas\u0131yd\u0131.<\/p>\n\n\n\n<p class=\"wp-block-paragraph\">Oysa ger\u00e7ek g\u00fc\u00e7, kap\u0131dan \u00e7\u0131karken ba\u015flad\u0131.<\/p>\n\n\n\n<p class=\"wp-block-paragraph\">\u00c7\u00fcnk\u00fc o gece ilk kez bir \u015feyi kesin olarak biliyordum:<\/p>\n\n\n\n<p class=\"wp-block-paragraph\">Bir evlilikten ayr\u0131lmak, kaybetmek anlam\u0131na gelmez.<\/p>\n\n\n\n<p class=\"wp-block-paragraph\">Bazen hayat\u0131n\u0131 geri alman\u0131n tek yolu, art\u0131k seni inciten yerde kalmamakt\u0131r.<\/p>\n","protected":false},"excerpt":{"rendered":"<p>\u2014 Defol! Seni bir daha g\u00f6rmek istemiyorum! Daniel\u2019\u0131n sesi evin i\u00e7inde yank\u0131land\u0131. Mutfak adas\u0131n\u0131n yan\u0131nda duruyordum. Kolumun alt\u0131nda, birka\u00e7 dakika \u00f6nce beni tezg\u00e2ha itti\u011finde olu\u015fan morluk koyula\u015f\u0131yordu. Tek yapt\u0131\u011f\u0131m, evlilik y\u0131ld\u00f6n\u00fcm\u00fc yeme\u011fimiz boyunca neden ba\u015fka bir kad\u0131nla mesajla\u015ft\u0131\u011f\u0131n\u0131 sormakt\u0131. O kad\u0131n Vanessa Cole\u2019du. Daniel\u2019\u0131n \u015firketinde pazarlama direkt\u00f6r\u00fcyd\u00fc. Ve \u015fimdi siyah SUV\u2019sinin i\u00e7inde, evimizin \u00f6n\u00fcnde onu &#8230; <a title=\"Beni Evden Kovdu\u2014Sonra Ger\u00e7e\u011fi \u00d6\u011frendi\" class=\"read-more\" href=\"https:\/\/warmtales.com\/?p=393\" aria-label=\"\u041f\u0440\u043e\u0447\u0438\u0442\u0430\u0442\u044c \u0431\u043e\u043b\u044c\u0448\u0435 \u043e Beni Evden Kovdu\u2014Sonra Ger\u00e7e\u011fi \u00d6\u011frendi\">\u0427\u0438\u0442\u0430\u0442\u044c \u0434\u0430\u043b\u0435\u0435<\/a><\/p>\n","protected":false},"author":1,"featured_media":394,"comment_status":"open","ping_status":"open","sticky":false,"template":"","format":"standard","meta":{"footnotes":""},"categories":[1],"tags":[],"class_list":["post-393","post","type-post","status-publish","format-standard","has-post-thumbnail","hentry","category-uncategorized"],"_links":{"self":[{"href":"https:\/\/warmtales.com\/index.php?rest_route=\/wp\/v2\/posts\/393","targetHints":{"allow":["GET"]}}],"collection":[{"href":"https:\/\/warmtales.com\/index.php?rest_route=\/wp\/v2\/posts"}],"about":[{"href":"https:\/\/warmtales.com\/index.php?rest_route=\/wp\/v2\/types\/post"}],"author":[{"embeddable":true,"href":"https:\/\/warmtales.com\/index.php?rest_route=\/wp\/v2\/users\/1"}],"replies":[{"embeddable":true,"href":"https:\/\/warmtales.com\/index.php?rest_route=%2Fwp%2Fv2%2Fcomments&post=393"}],"version-history":[{"count":1,"href":"https:\/\/warmtales.com\/index.php?rest_route=\/wp\/v2\/posts\/393\/revisions"}],"predecessor-version":[{"id":395,"href":"https:\/\/warmtales.com\/index.php?rest_route=\/wp\/v2\/posts\/393\/revisions\/395"}],"wp:featuredmedia":[{"embeddable":true,"href":"https:\/\/warmtales.com\/index.php?rest_route=\/wp\/v2\/media\/394"}],"wp:attachment":[{"href":"https:\/\/warmtales.com\/index.php?rest_route=%2Fwp%2Fv2%2Fmedia&parent=393"}],"wp:term":[{"taxonomy":"category","embeddable":true,"href":"https:\/\/warmtales.com\/index.php?rest_route=%2Fwp%2Fv2%2Fcategories&post=393"},{"taxonomy":"post_tag","embeddable":true,"href":"https:\/\/warmtales.com\/index.php?rest_route=%2Fwp%2Fv2%2Ftags&post=393"}],"curies":[{"name":"wp","href":"https:\/\/api.w.org\/{rel}","templated":true}]}}