{"id":400,"date":"2026-09-05T16:26:11","date_gmt":"2026-09-05T16:26:11","guid":{"rendered":"https:\/\/warmtales.com\/?p=400"},"modified":"2026-09-05T16:26:11","modified_gmt":"2026-09-05T16:26:11","slug":"le-dernier-frequence-la-chanson-des-ombres","status":"publish","type":"post","link":"https:\/\/warmtales.com\/?p=400","title":{"rendered":"Le Dernier Frequence : La Chanson des Ombres"},"content":{"rendered":"\n<p class=\"wp-block-paragraph\">Pendant des d\u00e9cennies, Julien Saint-Clair a v\u00e9cu dans l&#8217;ombre imposante de son p\u00e8re, un journaliste radio l\u00e9gendaire qui avait consacr\u00e9 sa vie \u00e0 traquer la v\u00e9rit\u00e9 au prix de sa propre s\u00e9curit\u00e9. Lorsque son p\u00e8re a disparu brutalement dans des circonstances myst\u00e9rieuses, il n&#8217;a laiss\u00e9 derri\u00e8re lui que du silence et des secrets non dits. Julien a repris le flambeau familial, s&#8217;installant dans la m\u00eame station de radio c\u00f4ti\u00e8re, au sommet d&#8217;une falaise battue par les vents, esp\u00e9rant un jour retrouver la voix de celui qui l&#8217;avait abandonn\u00e9. Mais le pass\u00e9 refusait d&#8217;\u00e9clater au grand jour, restant enfoui sous des couches d&#8217;oubli et de myst\u00e8re.<\/p>\n\n\n\n<p class=\"wp-block-paragraph\">Dans la cabine de studio baign\u00e9e d&#8217;une lumi\u00e8re blafarde, l&#8217;air \u00e9tait lourd, charg\u00e9 du gr\u00e9sillement \u00e9lectrique des consoles de mixage. Julien fixait le micro, la gorge serr\u00e9e, suspendu \u00e0 ses propres paroles. &#171;Voici le dernier message de mon p\u00e8re&#8230;&#187; murmura-t-il, la voix tremblante d&#8217;une \u00e9motion contenue depuis trop d&#8217;ann\u00e9es.<\/p>\n\n\n\n<p class=\"wp-block-paragraph\">Soudain, une ombre s&#8217;avan\u00e7a. Une vieille femme aux rides profondes, au regard per\u00e7ant et habill\u00e9e d&#8217;un manteau sombre, surgit du fond de la pi\u00e8ce. Sans un bruit superflu, elle posa une petite cassette audio sur la console.<\/p>\n\n\n\n<p class=\"wp-block-paragraph\">\u00ab Ne diffusez pas cette bande \u00bb, dit-elle d&#8217;un ton sec, interrompant le silence du studio.<\/p>\n\n\n\n<p class=\"wp-block-paragraph\">Julien la d\u00e9visagea, le c\u0153ur battant \u00e0 tout rompre. \u00ab Qui \u00eates-vous ? \u00bb demanda-t-il, surpris et m\u00e9fiant.<\/p>\n\n\n\n<p class=\"wp-block-paragraph\">L&#8217;inconnue se pencha vers lui, ses yeux ancr\u00e9s dans les siens. \u00ab C&#8217;est celle qu&#8217;il te destinait uniquement \u00e0 toi. Si elle est diffus\u00e9e, tu \u00e9couteras jusqu&#8217;\u00e0 la fin&#8230; mais qu&#8217;obtiendras-tu vraiment ? \u00bb<\/p>\n\n\n\n<p class=\"wp-block-paragraph\">Dans ce regard, Julien comprit tout. Cette femme n&#8217;\u00e9tait pas une \u00e9trang\u00e8re ; elle \u00e9tait la gardienne des secrets de son p\u00e8re, celle qui avait prot\u00e9g\u00e9 la famille au p\u00e9ril de sa vie. La cassette contenait non pas une v\u00e9rit\u00e9 destin\u00e9e au monde, mais un ultime pardon, des mots d&#8217;amour intimes d&#8217;un p\u00e8re qui cherchait \u00e0 prot\u00e9ger son fils des dangers qui l&#8217;avaient emport\u00e9.<\/p>\n\n\n\n<p class=\"wp-block-paragraph\">Julien regarda la cassette, puis le micro. Il comprit que le monde n&#8217;avait pas besoin d&#8217;\u00e9taler cette souffrance, mais que lui avait besoin d&#8217;installer la paix dans son c\u0153ur. Il coupa les projecteurs de l&#8217;antenne, \u00e9teignit le signal radio, et glissa le ruban dans le lecteur pour l&#8217;\u00e9couter seul, dans l&#8217;intimit\u00e9 du studio.<\/p>\n\n\n\n<p class=\"wp-block-paragraph\">Les mots secrets de son p\u00e8re r\u00e9sonn\u00e8rent dans ses \u00e9couteurs, apaisant ses blessures anciennes. Julien quitta la station main dans la main avec la vieille femme, scellant d\u00e9finitivement le pass\u00e9 pour enfin marcher vers un avenir serein et lib\u00e9r\u00e9.<\/p>\n","protected":false},"excerpt":{"rendered":"<p>Pendant des d\u00e9cennies, Julien Saint-Clair a v\u00e9cu dans l&#8217;ombre imposante de son p\u00e8re, un journaliste radio l\u00e9gendaire qui avait consacr\u00e9 sa vie \u00e0 traquer la v\u00e9rit\u00e9 au prix de sa propre s\u00e9curit\u00e9. Lorsque son p\u00e8re a disparu brutalement dans des circonstances myst\u00e9rieuses, il n&#8217;a laiss\u00e9 derri\u00e8re lui que du silence et des secrets non dits. &#8230; <a title=\"Le Dernier Frequence : La Chanson des Ombres\" class=\"read-more\" href=\"https:\/\/warmtales.com\/?p=400\" aria-label=\"\u041f\u0440\u043e\u0447\u0438\u0442\u0430\u0442\u044c \u0431\u043e\u043b\u044c\u0448\u0435 \u043e Le Dernier Frequence : La Chanson des Ombres\">\u0427\u0438\u0442\u0430\u0442\u044c \u0434\u0430\u043b\u0435\u0435<\/a><\/p>\n","protected":false},"author":1,"featured_media":401,"comment_status":"open","ping_status":"open","sticky":false,"template":"","format":"standard","meta":{"footnotes":""},"categories":[1],"tags":[],"class_list":["post-400","post","type-post","status-publish","format-standard","has-post-thumbnail","hentry","category-uncategorized"],"_links":{"self":[{"href":"https:\/\/warmtales.com\/index.php?rest_route=\/wp\/v2\/posts\/400","targetHints":{"allow":["GET"]}}],"collection":[{"href":"https:\/\/warmtales.com\/index.php?rest_route=\/wp\/v2\/posts"}],"about":[{"href":"https:\/\/warmtales.com\/index.php?rest_route=\/wp\/v2\/types\/post"}],"author":[{"embeddable":true,"href":"https:\/\/warmtales.com\/index.php?rest_route=\/wp\/v2\/users\/1"}],"replies":[{"embeddable":true,"href":"https:\/\/warmtales.com\/index.php?rest_route=%2Fwp%2Fv2%2Fcomments&post=400"}],"version-history":[{"count":1,"href":"https:\/\/warmtales.com\/index.php?rest_route=\/wp\/v2\/posts\/400\/revisions"}],"predecessor-version":[{"id":402,"href":"https:\/\/warmtales.com\/index.php?rest_route=\/wp\/v2\/posts\/400\/revisions\/402"}],"wp:featuredmedia":[{"embeddable":true,"href":"https:\/\/warmtales.com\/index.php?rest_route=\/wp\/v2\/media\/401"}],"wp:attachment":[{"href":"https:\/\/warmtales.com\/index.php?rest_route=%2Fwp%2Fv2%2Fmedia&parent=400"}],"wp:term":[{"taxonomy":"category","embeddable":true,"href":"https:\/\/warmtales.com\/index.php?rest_route=%2Fwp%2Fv2%2Fcategories&post=400"},{"taxonomy":"post_tag","embeddable":true,"href":"https:\/\/warmtales.com\/index.php?rest_route=%2Fwp%2Fv2%2Ftags&post=400"}],"curies":[{"name":"wp","href":"https:\/\/api.w.org\/{rel}","templated":true}]}}